{"id":59969,"date":"2025-02-04T08:37:25","date_gmt":"2025-02-04T07:37:25","guid":{"rendered":"https:\/\/tissi.de\/foerdelarna-med-en-babystol-paa-barnstolen\/"},"modified":"2026-08-24T11:26:40","modified_gmt":"2026-08-24T09:26:40","slug":"foerdelarna-med-en-babystol-paa-barnstolen","status":"publish","type":"post","link":"https:\/\/tissi.de\/sv\/foerdelarna-med-en-babystol-paa-barnstolen\/","title":{"rendered":"F\u00f6rdelarna med en babystol p\u00e5 barnstolen"},"content":{"rendered":"<div class=\"wpb-content-wrapper\" id=\"wpb-content-root\"><p>[vc_row][vc_column]<\/p>\n<h2>F\u00f6rdelarna med en babystol p\u00e5 barnstolen<\/h2>\n<p>[vc_column_text css=&#8221;&#8221;]<\/p>\n<p class=\"p1\"><b>S\u00e4ker, bekv\u00e4m och mitt i h\u00e4ndelsernas centrum: F\u00f6rdelarna med en babystol som f\u00e4sts p\u00e5 barnstolen<br \/><\/b><b><\/b> Redan fr\u00e5n de f\u00f6rsta dagarna i livet \u00e4r bebisar nyfikna p\u00e5 sin omgivning och \u00e4lskar att vara en del av familjelivet. F\u00f6r\u00e4ldrar vill ge sina barn n\u00e4rhet och trygghet under denna fas, utan att f\u00f6r den skull tappa greppet om vardagen. En babysits som kan f\u00e4stas p\u00e5 en barnstol \u00e4r den perfekta l\u00f6sningen f\u00f6r detta. Den kombinerar komfort och s\u00e4kerhet med praktiska f\u00f6rdelar f\u00f6r familjen.   <\/p>\n<p class=\"p3\"><b>N\u00e4rhet och trygghet<br \/><\/b><b><\/b> Med en babyskydd som kan placeras i \u00f6gonh\u00f6jd med familjen k\u00e4nner sig barnet mitt i h\u00e4ndelsernas centrum. Det upplever r\u00f6ster, r\u00f6relser och dynamiken i familjens vardag p\u00e5 n\u00e4ra h\u00e5ll. Denna n\u00e4rhet st\u00e4rker bandet mellan f\u00f6r\u00e4ldrar och barn och ger barnet en k\u00e4nsla av trygghet och tillh\u00f6righet.  <\/p>\n<p class=\"p3\"><b>Ergonomi och komfort<br \/><\/b><b><\/b> En h\u00f6gkvalitativ babystol erbjuder en ergonomiskt anpassad liggst\u00e4llning som skonsamt st\u00f6der barnets rygg och samtidigt ger det komfort. Modeller som de fr\u00e5n tiSsi\u00ae \u00e4r ofta justerbara, s\u00e5 att barnet kan ligga bekv\u00e4mt i olika positioner \u2013 fr\u00e5n att sova till att vara vaken och uppm\u00e4rksam. Denna flexibilitet bidrar till en sund fysisk utveckling.  <\/p>\n<p class=\"p3\"><b>H\u00e5llbarhet genom l\u00e5ng livsl\u00e4ngd<br \/><\/b><b><\/b> En s\u00e4rskild f\u00f6rdel med en babyskyddskorg p\u00e5 en barnstol \u00e4r att stolen kan anv\u00e4ndas under en l\u00e4ngre tid. Med tiSsi\u00ae kan barnstolen anv\u00e4ndas redan fr\u00e5n f\u00f6dseln tack vare babyskyddskorgen. J\u00e4mf\u00f6rt med traditionella stolar, som f\u00f6rst kan anv\u00e4ndas n\u00e4r barnet \u00e4r \u00e4ldre, bidrar denna funktion till att stolen kan anv\u00e4ndas under m\u00e5nga \u00e5r \u2013 ett viktigt bidrag till h\u00e5llbarheten. Dessutom tillverkas tiSsi\u00ae-produkterna av h\u00e5llbara material f\u00f6r att minimera det ekologiska fotavtrycket.   <\/p>\n<p class=\"p3\"><b>Praktiskt st\u00f6d i vardagen<br \/><\/b><b><\/b> Medan barnet ligger tryggt i babystolen f\u00e5r f\u00f6r\u00e4ldrarna mer utrymme f\u00f6r vardagliga sysslor som matlagning, m\u00e5ltider eller arbete. Med babystolen kan man alltid ha barnet n\u00e4ra sig utan att beh\u00f6va kompromissa med s\u00e4kerheten eller komforten. S\u00e4rskilt under de f\u00f6rsta m\u00e5naderna, n\u00e4r behovet av n\u00e4rhet \u00e4r stort, inneb\u00e4r denna l\u00f6sning en stor l\u00e4ttnad.  <\/p>\n<p class=\"p3\"><b>Fr\u00e4mjande av den sociala utvecklingen<br \/><\/b><b><\/b> Redan tidigt involveras barnet i sociala interaktioner genom n\u00e4rheten till familjens matbord. Det l\u00e4r sig genom att observera, uppfattar r\u00f6ster och ansiktsuttryck och introduceras p\u00e5 s\u00e5 s\u00e4tt p\u00e5 ett skonsamt s\u00e4tt till familjelivets dynamik. Detta fr\u00e4mjar den spr\u00e5kliga och kognitiva utvecklingen p\u00e5 ett naturligt s\u00e4tt.  <\/p>\n<p class=\"p3\"><b>Sammanfattning: En investering i gemenskap och h\u00e5llbarhet<br \/><\/b><b><\/b> Babystolen till barnstolen \u00e4r mer \u00e4n bara ett praktiskt tillbeh\u00f6r. Den f\u00f6rl\u00e4nger barnstolens livsl\u00e4ngd avsev\u00e4rt, fr\u00e4mjar barnets utveckling och underl\u00e4ttar familjens vardag. Modeller som de fr\u00e5n tiSsi\u00ae st\u00e5r inte bara f\u00f6r s\u00e4kerhet och komfort, utan ocks\u00e5 f\u00f6r h\u00e5llbarhet \u2013 en filosofi som passar perfekt f\u00f6r familjer som vill leva medvetet och ansvarsfullt.  <\/p>\n<p>[\/vc_column_text][\/vc_column][\/vc_row]<\/p>\n<\/div>","protected":false},"excerpt":{"rendered":"<p>[vc_row][vc_column] F\u00f6rdelarna med en babystol p\u00e5 barnstolen [vc_column_text css=&#8221;&#8221;] S\u00e4ker, bekv\u00e4m och mitt i h\u00e4ndelsernas centrum: F\u00f6rdelarna med en babystol som f\u00e4sts p\u00e5 barnstolen Redan fr\u00e5n de f\u00f6rsta dagarna i livet \u00e4r bebisar nyfikna p\u00e5 sin omgivning och \u00e4lskar att vara en del av familjelivet. F\u00f6r\u00e4ldrar vill ge sina barn n\u00e4rhet och trygghet under denna [&hellip;]<\/p>\n","protected":false},"author":155,"featured_media":7463,"comment_status":"closed","ping_status":"closed","sticky":false,"template":"","format":"standard","meta":{"_acf_changed":false,"inline_featured_image":false,"_jetpack_newsletter_access":"","_jetpack_dont_email_post_to_subs":false,"_jetpack_newsletter_tier_id":0,"_jetpack_memberships_contains_paywalled_content":false,"_jetpack_feature_clip_id":0,"_jetpack_memberships_contains_paid_content":false,"footnotes":"","jetpack_post_was_ever_published":false},"categories":[718],"tags":[],"class_list":["post-59969","post","type-post","status-publish","format-standard","has-post-thumbnail","hentry","category-okategoriserad"],"acf":[],"yoast_head":"<!-- This site is optimized with the Yoast SEO plugin v28.3 - https:\/\/yoast.com\/product\/yoast-seo-wordpress\/ -->\n<title>F\u00f6rdelarna med en babystol p\u00e5 barnstolen - tiSsi\u00ae<\/title>\n<meta name=\"robots\" content=\"index, follow, max-snippet:-1, max-image-preview:large, max-video-preview:-1\" \/>\n<link rel=\"canonical\" href=\"https:\/\/tissi.de\/sv\/foerdelarna-med-en-babystol-paa-barnstolen\/\" \/>\n<meta property=\"og:locale\" content=\"sv_SE\" \/>\n<meta property=\"og:type\" content=\"article\" \/>\n<meta property=\"og:title\" content=\"F\u00f6rdelarna med en babystol p\u00e5 barnstolen - tiSsi\u00ae\" \/>\n<meta property=\"og:description\" content=\"[vc_row][vc_column] F\u00f6rdelarna med en babystol p\u00e5 barnstolen [vc_column_text css=&#8221;&#8221;] S\u00e4ker, bekv\u00e4m och mitt i h\u00e4ndelsernas centrum: F\u00f6rdelarna med en babystol som f\u00e4sts p\u00e5 barnstolen Redan fr\u00e5n de f\u00f6rsta dagarna i livet \u00e4r bebisar nyfikna p\u00e5 sin omgivning och \u00e4lskar att vara en del av familjelivet. F\u00f6r\u00e4ldrar vill ge sina barn n\u00e4rhet och trygghet under denna [&hellip;]\" \/>\n<meta property=\"og:url\" content=\"https:\/\/tissi.de\/sv\/foerdelarna-med-en-babystol-paa-barnstolen\/\" \/>\n<meta property=\"og:site_name\" content=\"tiSsi\u00ae\" \/>\n<meta property=\"article:publisher\" content=\"https:\/\/de-de.facebook.com\/tiSsikids\/\" \/>\n<meta property=\"article:published_time\" content=\"2025-02-04T07:37:25+00:00\" \/>\n<meta property=\"article:modified_time\" content=\"2026-08-24T09:26:40+00:00\" \/>\n<meta property=\"og:image\" content=\"https:\/\/tissi.de\/wp-content\/uploads\/2025\/01\/newborn-aufsatz.jpeg\" \/>\n\t<meta property=\"og:image:width\" content=\"800\" \/>\n\t<meta property=\"og:image:height\" content=\"1199\" \/>\n\t<meta property=\"og:image:type\" content=\"image\/jpeg\" \/>\n<meta name=\"author\" content=\"Michael Zschische\" \/>\n<meta name=\"twitter:card\" content=\"summary_large_image\" \/>\n<meta name=\"twitter:label1\" content=\"Skriven av\" \/>\n\t<meta name=\"twitter:data1\" content=\"Michael Zschische\" \/>\n\t<meta name=\"twitter:label2\" content=\"Ber\u00e4knad l\u00e4stid\" \/>\n\t<meta name=\"twitter:data2\" content=\"3 minuter\" \/>\n<script type=\"application\/ld+json\" class=\"yoast-schema-graph\">{\"@context\":\"https:\\\/\\\/schema.org\",\"@graph\":[{\"@type\":\"Article\",\"@id\":\"https:\\\/\\\/tissi.de\\\/sv\\\/foerdelarna-med-en-babystol-paa-barnstolen\\\/#article\",\"isPartOf\":{\"@id\":\"https:\\\/\\\/tissi.de\\\/sv\\\/foerdelarna-med-en-babystol-paa-barnstolen\\\/\"},\"author\":{\"name\":\"Michael Zschische\",\"@id\":\"https:\\\/\\\/tissi.de\\\/sv\\\/#\\\/schema\\\/person\\\/73ec827968169076ba2089ff07f536fe\"},\"headline\":\"F\u00f6rdelarna med en babystol p\u00e5 barnstolen\",\"datePublished\":\"2025-02-04T07:37:25+00:00\",\"dateModified\":\"2026-08-24T09:26:40+00:00\",\"mainEntityOfPage\":{\"@id\":\"https:\\\/\\\/tissi.de\\\/sv\\\/foerdelarna-med-en-babystol-paa-barnstolen\\\/\"},\"wordCount\":550,\"publisher\":{\"@id\":\"https:\\\/\\\/tissi.de\\\/sv\\\/#organization\"},\"image\":{\"@id\":\"https:\\\/\\\/tissi.de\\\/sv\\\/foerdelarna-med-en-babystol-paa-barnstolen\\\/#primaryimage\"},\"thumbnailUrl\":\"https:\\\/\\\/tissi.de\\\/wp-content\\\/uploads\\\/2025\\\/01\\\/newborn-aufsatz.jpeg\",\"articleSection\":[\"Okategoriserad\"],\"inLanguage\":\"sv-SE\"},{\"@type\":\"WebPage\",\"@id\":\"https:\\\/\\\/tissi.de\\\/sv\\\/foerdelarna-med-en-babystol-paa-barnstolen\\\/\",\"url\":\"https:\\\/\\\/tissi.de\\\/sv\\\/foerdelarna-med-en-babystol-paa-barnstolen\\\/\",\"name\":\"F\u00f6rdelarna med en babystol p\u00e5 barnstolen - tiSsi\u00ae\",\"isPartOf\":{\"@id\":\"https:\\\/\\\/tissi.de\\\/sv\\\/#website\"},\"primaryImageOfPage\":{\"@id\":\"https:\\\/\\\/tissi.de\\\/sv\\\/foerdelarna-med-en-babystol-paa-barnstolen\\\/#primaryimage\"},\"image\":{\"@id\":\"https:\\\/\\\/tissi.de\\\/sv\\\/foerdelarna-med-en-babystol-paa-barnstolen\\\/#primaryimage\"},\"thumbnailUrl\":\"https:\\\/\\\/tissi.de\\\/wp-content\\\/uploads\\\/2025\\\/01\\\/newborn-aufsatz.jpeg\",\"datePublished\":\"2025-02-04T07:37:25+00:00\",\"dateModified\":\"2026-08-24T09:26:40+00:00\",\"breadcrumb\":{\"@id\":\"https:\\\/\\\/tissi.de\\\/sv\\\/foerdelarna-med-en-babystol-paa-barnstolen\\\/#breadcrumb\"},\"inLanguage\":\"sv-SE\",\"potentialAction\":[{\"@type\":\"ReadAction\",\"target\":[\"https:\\\/\\\/tissi.de\\\/sv\\\/foerdelarna-med-en-babystol-paa-barnstolen\\\/\"]}]},{\"@type\":\"ImageObject\",\"inLanguage\":\"sv-SE\",\"@id\":\"https:\\\/\\\/tissi.de\\\/sv\\\/foerdelarna-med-en-babystol-paa-barnstolen\\\/#primaryimage\",\"url\":\"https:\\\/\\\/tissi.de\\\/wp-content\\\/uploads\\\/2025\\\/01\\\/newborn-aufsatz.jpeg\",\"contentUrl\":\"https:\\\/\\\/tissi.de\\\/wp-content\\\/uploads\\\/2025\\\/01\\\/newborn-aufsatz.jpeg\",\"width\":800,\"height\":1199,\"caption\":\"Child leaning on high chair, drinking from a bottle, backlit by sunlight.\"},{\"@type\":\"BreadcrumbList\",\"@id\":\"https:\\\/\\\/tissi.de\\\/sv\\\/foerdelarna-med-en-babystol-paa-barnstolen\\\/#breadcrumb\",\"itemListElement\":[{\"@type\":\"ListItem\",\"position\":1,\"name\":\"Startseite\",\"item\":\"https:\\\/\\\/tissi.de\\\/sv\\\/hem\\\/\"},{\"@type\":\"ListItem\",\"position\":2,\"name\":\"F\u00f6rdelarna med en babystol p\u00e5 barnstolen\"}]},{\"@type\":\"WebSite\",\"@id\":\"https:\\\/\\\/tissi.de\\\/sv\\\/#website\",\"url\":\"https:\\\/\\\/tissi.de\\\/sv\\\/\",\"name\":\"tiSsi\u00ae\",\"description\":\"Familie beginnt mit uns! Lernturm, Hochstuhl, Kinderm\u00f6bel, Laufgitter\",\"publisher\":{\"@id\":\"https:\\\/\\\/tissi.de\\\/sv\\\/#organization\"},\"potentialAction\":[{\"@type\":\"SearchAction\",\"target\":{\"@type\":\"EntryPoint\",\"urlTemplate\":\"https:\\\/\\\/tissi.de\\\/sv\\\/?s={search_term_string}\"},\"query-input\":{\"@type\":\"PropertyValueSpecification\",\"valueRequired\":true,\"valueName\":\"search_term_string\"}}],\"inLanguage\":\"sv-SE\"},{\"@type\":\"Organization\",\"@id\":\"https:\\\/\\\/tissi.de\\\/sv\\\/#organization\",\"name\":\"M.J. Oster GmbH\",\"url\":\"https:\\\/\\\/tissi.de\\\/sv\\\/\",\"logo\":{\"@type\":\"ImageObject\",\"inLanguage\":\"sv-SE\",\"@id\":\"https:\\\/\\\/tissi.de\\\/sv\\\/#\\\/schema\\\/logo\\\/image\\\/\",\"url\":\"https:\\\/\\\/tissi.de\\\/wp-content\\\/uploads\\\/2022\\\/04\\\/tissi-logo.webp\",\"contentUrl\":\"https:\\\/\\\/tissi.de\\\/wp-content\\\/uploads\\\/2022\\\/04\\\/tissi-logo.webp\",\"width\":300,\"height\":173,\"caption\":\"M.J. Oster GmbH\"},\"image\":{\"@id\":\"https:\\\/\\\/tissi.de\\\/sv\\\/#\\\/schema\\\/logo\\\/image\\\/\"},\"sameAs\":[\"https:\\\/\\\/de-de.facebook.com\\\/tiSsikids\\\/\",\"https:\\\/\\\/www.instagram.com\\\/tissi_kids\\\/\"]},{\"@type\":\"Person\",\"@id\":\"https:\\\/\\\/tissi.de\\\/sv\\\/#\\\/schema\\\/person\\\/73ec827968169076ba2089ff07f536fe\",\"name\":\"Michael Zschische\",\"image\":{\"@type\":\"ImageObject\",\"inLanguage\":\"sv-SE\",\"@id\":\"https:\\\/\\\/secure.gravatar.com\\\/avatar\\\/4325677e1eafd40541e30b2173bb41d8df3d26ba55e6c228588bc3055b4d6f5d?s=96&d=mm&r=g\",\"url\":\"https:\\\/\\\/secure.gravatar.com\\\/avatar\\\/4325677e1eafd40541e30b2173bb41d8df3d26ba55e6c228588bc3055b4d6f5d?s=96&d=mm&r=g\",\"contentUrl\":\"https:\\\/\\\/secure.gravatar.com\\\/avatar\\\/4325677e1eafd40541e30b2173bb41d8df3d26ba55e6c228588bc3055b4d6f5d?s=96&d=mm&r=g\",\"caption\":\"Michael Zschische\"},\"url\":\"https:\\\/\\\/tissi.de\\\/sv\\\/author\\\/zschiescheklimekschneider-com\\\/\"}]}<\/script>\n<!-- \/ Yoast SEO plugin. -->","yoast_head_json":{"title":"F\u00f6rdelarna med en babystol p\u00e5 barnstolen - tiSsi\u00ae","robots":{"index":"index","follow":"follow","max-snippet":"max-snippet:-1","max-image-preview":"max-image-preview:large","max-video-preview":"max-video-preview:-1"},"canonical":"https:\/\/tissi.de\/sv\/foerdelarna-med-en-babystol-paa-barnstolen\/","og_locale":"sv_SE","og_type":"article","og_title":"F\u00f6rdelarna med en babystol p\u00e5 barnstolen - tiSsi\u00ae","og_description":"[vc_row][vc_column] F\u00f6rdelarna med en babystol p\u00e5 barnstolen [vc_column_text css=&#8221;&#8221;] S\u00e4ker, bekv\u00e4m och mitt i h\u00e4ndelsernas centrum: F\u00f6rdelarna med en babystol som f\u00e4sts p\u00e5 barnstolen Redan fr\u00e5n de f\u00f6rsta dagarna i livet \u00e4r bebisar nyfikna p\u00e5 sin omgivning och \u00e4lskar att vara en del av familjelivet. F\u00f6r\u00e4ldrar vill ge sina barn n\u00e4rhet och trygghet under denna [&hellip;]","og_url":"https:\/\/tissi.de\/sv\/foerdelarna-med-en-babystol-paa-barnstolen\/","og_site_name":"tiSsi\u00ae","article_publisher":"https:\/\/de-de.facebook.com\/tiSsikids\/","article_published_time":"2025-02-04T07:37:25+00:00","article_modified_time":"2026-08-24T09:26:40+00:00","og_image":[{"width":800,"height":1199,"url":"https:\/\/tissi.de\/wp-content\/uploads\/2025\/01\/newborn-aufsatz.jpeg","type":"image\/jpeg"}],"author":"Michael Zschische","twitter_card":"summary_large_image","twitter_misc":{"Skriven av":"Michael Zschische","Ber\u00e4knad l\u00e4stid":"3 minuter"},"schema":{"@context":"https:\/\/schema.org","@graph":[{"@type":"Article","@id":"https:\/\/tissi.de\/sv\/foerdelarna-med-en-babystol-paa-barnstolen\/#article","isPartOf":{"@id":"https:\/\/tissi.de\/sv\/foerdelarna-med-en-babystol-paa-barnstolen\/"},"author":{"name":"Michael Zschische","@id":"https:\/\/tissi.de\/sv\/#\/schema\/person\/73ec827968169076ba2089ff07f536fe"},"headline":"F\u00f6rdelarna med en babystol p\u00e5 barnstolen","datePublished":"2025-02-04T07:37:25+00:00","dateModified":"2026-08-24T09:26:40+00:00","mainEntityOfPage":{"@id":"https:\/\/tissi.de\/sv\/foerdelarna-med-en-babystol-paa-barnstolen\/"},"wordCount":550,"publisher":{"@id":"https:\/\/tissi.de\/sv\/#organization"},"image":{"@id":"https:\/\/tissi.de\/sv\/foerdelarna-med-en-babystol-paa-barnstolen\/#primaryimage"},"thumbnailUrl":"https:\/\/tissi.de\/wp-content\/uploads\/2025\/01\/newborn-aufsatz.jpeg","articleSection":["Okategoriserad"],"inLanguage":"sv-SE"},{"@type":"WebPage","@id":"https:\/\/tissi.de\/sv\/foerdelarna-med-en-babystol-paa-barnstolen\/","url":"https:\/\/tissi.de\/sv\/foerdelarna-med-en-babystol-paa-barnstolen\/","name":"F\u00f6rdelarna med en babystol p\u00e5 barnstolen - tiSsi\u00ae","isPartOf":{"@id":"https:\/\/tissi.de\/sv\/#website"},"primaryImageOfPage":{"@id":"https:\/\/tissi.de\/sv\/foerdelarna-med-en-babystol-paa-barnstolen\/#primaryimage"},"image":{"@id":"https:\/\/tissi.de\/sv\/foerdelarna-med-en-babystol-paa-barnstolen\/#primaryimage"},"thumbnailUrl":"https:\/\/tissi.de\/wp-content\/uploads\/2025\/01\/newborn-aufsatz.jpeg","datePublished":"2025-02-04T07:37:25+00:00","dateModified":"2026-08-24T09:26:40+00:00","breadcrumb":{"@id":"https:\/\/tissi.de\/sv\/foerdelarna-med-en-babystol-paa-barnstolen\/#breadcrumb"},"inLanguage":"sv-SE","potentialAction":[{"@type":"ReadAction","target":["https:\/\/tissi.de\/sv\/foerdelarna-med-en-babystol-paa-barnstolen\/"]}]},{"@type":"ImageObject","inLanguage":"sv-SE","@id":"https:\/\/tissi.de\/sv\/foerdelarna-med-en-babystol-paa-barnstolen\/#primaryimage","url":"https:\/\/tissi.de\/wp-content\/uploads\/2025\/01\/newborn-aufsatz.jpeg","contentUrl":"https:\/\/tissi.de\/wp-content\/uploads\/2025\/01\/newborn-aufsatz.jpeg","width":800,"height":1199,"caption":"Child leaning on high chair, drinking from a bottle, backlit by sunlight."},{"@type":"BreadcrumbList","@id":"https:\/\/tissi.de\/sv\/foerdelarna-med-en-babystol-paa-barnstolen\/#breadcrumb","itemListElement":[{"@type":"ListItem","position":1,"name":"Startseite","item":"https:\/\/tissi.de\/sv\/hem\/"},{"@type":"ListItem","position":2,"name":"F\u00f6rdelarna med en babystol p\u00e5 barnstolen"}]},{"@type":"WebSite","@id":"https:\/\/tissi.de\/sv\/#website","url":"https:\/\/tissi.de\/sv\/","name":"tiSsi\u00ae","description":"Familie beginnt mit uns! Lernturm, Hochstuhl, Kinderm\u00f6bel, Laufgitter","publisher":{"@id":"https:\/\/tissi.de\/sv\/#organization"},"potentialAction":[{"@type":"SearchAction","target":{"@type":"EntryPoint","urlTemplate":"https:\/\/tissi.de\/sv\/?s={search_term_string}"},"query-input":{"@type":"PropertyValueSpecification","valueRequired":true,"valueName":"search_term_string"}}],"inLanguage":"sv-SE"},{"@type":"Organization","@id":"https:\/\/tissi.de\/sv\/#organization","name":"M.J. Oster GmbH","url":"https:\/\/tissi.de\/sv\/","logo":{"@type":"ImageObject","inLanguage":"sv-SE","@id":"https:\/\/tissi.de\/sv\/#\/schema\/logo\/image\/","url":"https:\/\/tissi.de\/wp-content\/uploads\/2022\/04\/tissi-logo.webp","contentUrl":"https:\/\/tissi.de\/wp-content\/uploads\/2022\/04\/tissi-logo.webp","width":300,"height":173,"caption":"M.J. Oster GmbH"},"image":{"@id":"https:\/\/tissi.de\/sv\/#\/schema\/logo\/image\/"},"sameAs":["https:\/\/de-de.facebook.com\/tiSsikids\/","https:\/\/www.instagram.com\/tissi_kids\/"]},{"@type":"Person","@id":"https:\/\/tissi.de\/sv\/#\/schema\/person\/73ec827968169076ba2089ff07f536fe","name":"Michael Zschische","image":{"@type":"ImageObject","inLanguage":"sv-SE","@id":"https:\/\/secure.gravatar.com\/avatar\/4325677e1eafd40541e30b2173bb41d8df3d26ba55e6c228588bc3055b4d6f5d?s=96&d=mm&r=g","url":"https:\/\/secure.gravatar.com\/avatar\/4325677e1eafd40541e30b2173bb41d8df3d26ba55e6c228588bc3055b4d6f5d?s=96&d=mm&r=g","contentUrl":"https:\/\/secure.gravatar.com\/avatar\/4325677e1eafd40541e30b2173bb41d8df3d26ba55e6c228588bc3055b4d6f5d?s=96&d=mm&r=g","caption":"Michael Zschische"},"url":"https:\/\/tissi.de\/sv\/author\/zschiescheklimekschneider-com\/"}]}},"jetpack_sharing_enabled":true,"jetpack_featured_media_url":"https:\/\/tissi.de\/wp-content\/uploads\/2025\/01\/newborn-aufsatz.jpeg","_links":{"self":[{"href":"https:\/\/tissi.de\/sv\/wp-json\/wp\/v2\/posts\/59969","targetHints":{"allow":["GET"]}}],"collection":[{"href":"https:\/\/tissi.de\/sv\/wp-json\/wp\/v2\/posts"}],"about":[{"href":"https:\/\/tissi.de\/sv\/wp-json\/wp\/v2\/types\/post"}],"author":[{"embeddable":true,"href":"https:\/\/tissi.de\/sv\/wp-json\/wp\/v2\/users\/155"}],"replies":[{"embeddable":true,"href":"https:\/\/tissi.de\/sv\/wp-json\/wp\/v2\/comments?post=59969"}],"version-history":[{"count":2,"href":"https:\/\/tissi.de\/sv\/wp-json\/wp\/v2\/posts\/59969\/revisions"}],"predecessor-version":[{"id":59972,"href":"https:\/\/tissi.de\/sv\/wp-json\/wp\/v2\/posts\/59969\/revisions\/59972"}],"wp:featuredmedia":[{"embeddable":true,"href":"https:\/\/tissi.de\/sv\/wp-json\/wp\/v2\/media\/7463"}],"wp:attachment":[{"href":"https:\/\/tissi.de\/sv\/wp-json\/wp\/v2\/media?parent=59969"}],"wp:term":[{"taxonomy":"category","embeddable":true,"href":"https:\/\/tissi.de\/sv\/wp-json\/wp\/v2\/categories?post=59969"},{"taxonomy":"post_tag","embeddable":true,"href":"https:\/\/tissi.de\/sv\/wp-json\/wp\/v2\/tags?post=59969"}],"curies":[{"name":"wp","href":"https:\/\/api.w.org\/{rel}","templated":true}]}}