{"id":59982,"date":"2025-01-28T08:19:59","date_gmt":"2025-01-28T07:19:59","guid":{"rendered":"https:\/\/tissi.de\/hjaelp-mig-att-goera-det-sjaelv\/"},"modified":"2026-08-24T11:26:46","modified_gmt":"2026-08-24T09:26:46","slug":"hjaelp-mig-att-goera-det-sjaelv","status":"publish","type":"post","link":"https:\/\/tissi.de\/sv\/hjaelp-mig-att-goera-det-sjaelv\/","title":{"rendered":"Hj\u00e4lp mig att g\u00f6ra det sj\u00e4lv!"},"content":{"rendered":"<div class=\"wpb-content-wrapper\" id=\"wpb-content-root\"><p>[vc_row][vc_column]<\/p>\n<h2>Hj\u00e4lp mig att g\u00f6ra det sj\u00e4lv!<\/h2>\n<p>[vc_column_text css=&#8221;&#8221;]<\/p>\n<p class=\"p1\"><b>\u201dHj\u00e4lp mig att g\u00f6ra det sj\u00e4lv!\u201d \u2013 Varf\u00f6r sj\u00e4lvst\u00e4ndighet \u00e4r nyckeln till utveckling<br \/><\/b><b><\/b> Med sitt ber\u00f6mda uttryck \u201dHj\u00e4lp mig <b>att g\u00f6ra det sj\u00e4lv!\u201d<\/b> formulerade Maria Montessori en grundpelare i barns utveckling. Denna enkla men kraftfulla uppmaning speglar varje barns \u00f6nskan att p\u00e5 egen hand utforska v\u00e4rlden och l\u00e4ra sig genom att agera sj\u00e4lvst\u00e4ndigt. Men varf\u00f6r \u00e4r det s\u00e5 viktigt att ge barnen detta utrymme \u2013 \u00e4ven om det ibland tar l\u00e4ngre tid eller om n\u00e5got g\u00e5r snett?  <\/p>\n<p class=\"p3\"><b>V\u00e4rdet av sj\u00e4lvst\u00e4ndighet<br \/><\/b><b><\/b> F\u00f6r barn inneb\u00e4r sj\u00e4lvst\u00e4ndighet att ta ansvar, fatta egna beslut och l\u00e4ra sig av sina erfarenheter. Dessa processer fr\u00e4mjar inte bara sj\u00e4lvf\u00f6rtroendet, utan ocks\u00e5 f\u00f6rm\u00e5gan att hantera utmaningar. Genom att hitta sina egna v\u00e4gar st\u00e4rker barnen sin probleml\u00f6sningsf\u00f6rm\u00e5ga, sin uth\u00e5llighet och sitt f\u00f6rtroende f\u00f6r sina egna f\u00f6rm\u00e5gor.  <\/p>\n<p class=\"p3\"><b>Montessoripedagogiken: L\u00e4rande genom handling<br \/><\/b><b><\/b> I Montessoripedagogiken st\u00e5r barnet i centrum. Vuxnas uppgift \u00e4r att skapa en f\u00f6rberedd milj\u00f6 som g\u00f6r det m\u00f6jligt f\u00f6r barnet att agera sj\u00e4lvst\u00e4ndigt. H\u00e4r g\u00e4ller f\u00f6ljande: Den vuxne ingriper endast n\u00e4r barnet verkligen beh\u00f6ver st\u00f6d \u2013 och \u00e4ven d\u00e5 endast i den utstr\u00e4ckning som kr\u00e4vs f\u00f6r att barnet ska kunna klara resten p\u00e5 egen hand.  <\/p>\n<p class=\"p1\">Ett exempel fr\u00e5n vardagen: Ist\u00e4llet f\u00f6r att knyta barnets skor kan man med hj\u00e4lp av en \u00f6vningsbr\u00e4da eller enkla instruktioner guida barnet att g\u00f6ra det sj\u00e4lv. \u00c4ven kl\u00e4ttringsleksaker, inl\u00e4rningstorn och andra hj\u00e4lpmedel, s\u00e5som de som till exempel erbjuds av tiSsi\u00ae, \u00e4r ett uttryck f\u00f6r denna filosofi. De fr\u00e4mjar sj\u00e4lvst\u00e4ndighet genom att ge barnen m\u00f6jlighet att agera s\u00e4kert och sj\u00e4lvst\u00e4ndigt \u2013 vare sig det g\u00e4ller att n\u00e5 k\u00f6ksb\u00e4nken eller att kl\u00e4ttra.  <\/p>\n<p class=\"p3\"><b>Skapa utrymme f\u00f6r misstag<br \/><\/b><b><\/b> Barn l\u00e4r sig framf\u00f6r allt genom erfarenheter. Misstag \u00e4r inte bakslag, utan viktiga tillf\u00e4llen att l\u00e4ra sig. Om ett barn till exempel spiller lite n\u00e4r det h\u00e4ller upp vatten, l\u00e4r det sig att samordna sina r\u00f6relser och arbeta mer f\u00f6rsiktigt. Vuxna b\u00f6r i s\u00e5dana stunder visa t\u00e5lamod och f\u00f6rst\u00e5else, ist\u00e4llet f\u00f6r att ingripa eller kritisera.   <\/p>\n<p class=\"p3\"><b>Sj\u00e4lvst\u00e4ndighet som grund f\u00f6r livet<br \/><\/b><b><\/b> Barn som tidigt l\u00e4r sig att agera sj\u00e4lvst\u00e4ndigt har nytta av det hela livet. De utvecklar motst\u00e5ndskraft, ansvarsk\u00e4nsla och f\u00f6rm\u00e5gan att hantera komplexa situationer. Dessa kompetenser \u00e4r avg\u00f6rande inte bara under barndomen, utan \u00e4ven f\u00f6r den senare personliga och yrkesm\u00e4ssiga utvecklingen.  <\/p>\n<p class=\"p3\"><b>tiSsi\u00ae \u2013 en filosofi om sj\u00e4lvst\u00e4ndighet<br \/><\/b><b><\/b> \u00c4ven tiSsi\u00ae f\u00f6ljer detta syns\u00e4tt genom att produkterna \u00e4r utformade f\u00f6r att fr\u00e4mja barnens sj\u00e4lvst\u00e4ndighet. L\u00e4rtornen lyfter barnen upp till \u00f6gonh\u00f6jd, kl\u00e4ttringsleksaker ger utrymme f\u00f6r egna \u00e4ventyr och barnstolar g\u00f6r det m\u00f6jligt f\u00f6r de allra minsta att aktivt delta i familjelivet. Allt detta st\u00f6der ledtanken: \u201dHj\u00e4lp mig att g\u00f6ra det sj\u00e4lv.\u201d  <\/p>\n<p class=\"p3\"><b>Slutsats: Ge f\u00f6rtroende, utveckla potential<br \/><\/b><b><\/b> Genom att ge barnen utrymme att g\u00f6ra saker p\u00e5 egen hand fr\u00e4mjar vi inte bara deras utveckling, utan visar dem ocks\u00e5: \u201dJag tror att du klarar det.\u201d Denna inst\u00e4llning st\u00e4rker bandet mellan f\u00f6r\u00e4ldrar och barn och l\u00e4gger grunden f\u00f6r ett meningsfullt, sj\u00e4lvbest\u00e4mt liv. Eller som Maria Montessori uttryckte det: \u201dAll on\u00f6dig hj\u00e4lp \u00e4r ett hinder f\u00f6r utvecklingen.\u201d  <\/p>\n<p>[\/vc_column_text][\/vc_column][\/vc_row]<\/p>\n<\/div>","protected":false},"excerpt":{"rendered":"<p>[vc_row][vc_column] Hj\u00e4lp mig att g\u00f6ra det sj\u00e4lv! [vc_column_text css=&#8221;&#8221;] \u201dHj\u00e4lp mig att g\u00f6ra det sj\u00e4lv!\u201d \u2013 Varf\u00f6r sj\u00e4lvst\u00e4ndighet \u00e4r nyckeln till utveckling Med sitt ber\u00f6mda uttryck \u201dHj\u00e4lp mig att g\u00f6ra det sj\u00e4lv!\u201d formulerade Maria Montessori en grundpelare i barns utveckling. Denna enkla men kraftfulla uppmaning speglar varje barns \u00f6nskan att p\u00e5 egen hand utforska v\u00e4rlden [&hellip;]<\/p>\n","protected":false},"author":155,"featured_media":7454,"comment_status":"closed","ping_status":"closed","sticky":false,"template":"","format":"standard","meta":{"_acf_changed":false,"inline_featured_image":false,"_jetpack_newsletter_access":"","_jetpack_dont_email_post_to_subs":false,"_jetpack_newsletter_tier_id":0,"_jetpack_memberships_contains_paywalled_content":false,"_jetpack_feature_clip_id":0,"_jetpack_memberships_contains_paid_content":false,"footnotes":"","jetpack_post_was_ever_published":false},"categories":[718],"tags":[],"class_list":["post-59982","post","type-post","status-publish","format-standard","has-post-thumbnail","hentry","category-okategoriserad"],"acf":[],"yoast_head":"<!-- This site is optimized with the Yoast SEO plugin v28.3 - https:\/\/yoast.com\/product\/yoast-seo-wordpress\/ -->\n<title>Hj\u00e4lp mig att g\u00f6ra det sj\u00e4lv! - tiSsi\u00ae<\/title>\n<meta name=\"robots\" content=\"index, follow, max-snippet:-1, max-image-preview:large, max-video-preview:-1\" \/>\n<link rel=\"canonical\" href=\"https:\/\/tissi.de\/sv\/hjaelp-mig-att-goera-det-sjaelv\/\" \/>\n<meta property=\"og:locale\" content=\"sv_SE\" \/>\n<meta property=\"og:type\" content=\"article\" \/>\n<meta property=\"og:title\" content=\"Hj\u00e4lp mig att g\u00f6ra det sj\u00e4lv! - tiSsi\u00ae\" \/>\n<meta property=\"og:description\" content=\"[vc_row][vc_column] Hj\u00e4lp mig att g\u00f6ra det sj\u00e4lv! [vc_column_text css=&#8221;&#8221;] \u201dHj\u00e4lp mig att g\u00f6ra det sj\u00e4lv!\u201d \u2013 Varf\u00f6r sj\u00e4lvst\u00e4ndighet \u00e4r nyckeln till utveckling Med sitt ber\u00f6mda uttryck \u201dHj\u00e4lp mig att g\u00f6ra det sj\u00e4lv!\u201d formulerade Maria Montessori en grundpelare i barns utveckling. Denna enkla men kraftfulla uppmaning speglar varje barns \u00f6nskan att p\u00e5 egen hand utforska v\u00e4rlden [&hellip;]\" \/>\n<meta property=\"og:url\" content=\"https:\/\/tissi.de\/sv\/hjaelp-mig-att-goera-det-sjaelv\/\" \/>\n<meta property=\"og:site_name\" content=\"tiSsi\u00ae\" \/>\n<meta property=\"article:publisher\" content=\"https:\/\/de-de.facebook.com\/tiSsikids\/\" \/>\n<meta property=\"article:published_time\" content=\"2025-01-28T07:19:59+00:00\" \/>\n<meta property=\"article:modified_time\" content=\"2026-08-24T09:26:46+00:00\" \/>\n<meta property=\"og:image\" content=\"https:\/\/tissi.de\/wp-content\/uploads\/2025\/01\/hilf-mir-es-selbst-zu-tun.jpg\" \/>\n\t<meta property=\"og:image:width\" content=\"1080\" \/>\n\t<meta property=\"og:image:height\" content=\"1350\" \/>\n\t<meta property=\"og:image:type\" content=\"image\/jpeg\" \/>\n<meta name=\"author\" content=\"Michael Zschische\" \/>\n<meta name=\"twitter:card\" content=\"summary_large_image\" \/>\n<meta name=\"twitter:label1\" content=\"Skriven av\" \/>\n\t<meta name=\"twitter:data1\" content=\"Michael Zschische\" \/>\n\t<meta name=\"twitter:label2\" content=\"Ber\u00e4knad l\u00e4stid\" \/>\n\t<meta name=\"twitter:data2\" content=\"3 minuter\" \/>\n<script type=\"application\/ld+json\" class=\"yoast-schema-graph\">{\"@context\":\"https:\\\/\\\/schema.org\",\"@graph\":[{\"@type\":\"Article\",\"@id\":\"https:\\\/\\\/tissi.de\\\/sv\\\/hjaelp-mig-att-goera-det-sjaelv\\\/#article\",\"isPartOf\":{\"@id\":\"https:\\\/\\\/tissi.de\\\/sv\\\/hjaelp-mig-att-goera-det-sjaelv\\\/\"},\"author\":{\"name\":\"Michael Zschische\",\"@id\":\"https:\\\/\\\/tissi.de\\\/sv\\\/#\\\/schema\\\/person\\\/73ec827968169076ba2089ff07f536fe\"},\"headline\":\"Hj\u00e4lp mig att g\u00f6ra det sj\u00e4lv!\",\"datePublished\":\"2025-01-28T07:19:59+00:00\",\"dateModified\":\"2026-08-24T09:26:46+00:00\",\"mainEntityOfPage\":{\"@id\":\"https:\\\/\\\/tissi.de\\\/sv\\\/hjaelp-mig-att-goera-det-sjaelv\\\/\"},\"wordCount\":652,\"publisher\":{\"@id\":\"https:\\\/\\\/tissi.de\\\/sv\\\/#organization\"},\"image\":{\"@id\":\"https:\\\/\\\/tissi.de\\\/sv\\\/hjaelp-mig-att-goera-det-sjaelv\\\/#primaryimage\"},\"thumbnailUrl\":\"https:\\\/\\\/tissi.de\\\/wp-content\\\/uploads\\\/2025\\\/01\\\/hilf-mir-es-selbst-zu-tun.jpg\",\"articleSection\":[\"Okategoriserad\"],\"inLanguage\":\"sv-SE\"},{\"@type\":\"WebPage\",\"@id\":\"https:\\\/\\\/tissi.de\\\/sv\\\/hjaelp-mig-att-goera-det-sjaelv\\\/\",\"url\":\"https:\\\/\\\/tissi.de\\\/sv\\\/hjaelp-mig-att-goera-det-sjaelv\\\/\",\"name\":\"Hj\u00e4lp mig att g\u00f6ra det sj\u00e4lv! - tiSsi\u00ae\",\"isPartOf\":{\"@id\":\"https:\\\/\\\/tissi.de\\\/sv\\\/#website\"},\"primaryImageOfPage\":{\"@id\":\"https:\\\/\\\/tissi.de\\\/sv\\\/hjaelp-mig-att-goera-det-sjaelv\\\/#primaryimage\"},\"image\":{\"@id\":\"https:\\\/\\\/tissi.de\\\/sv\\\/hjaelp-mig-att-goera-det-sjaelv\\\/#primaryimage\"},\"thumbnailUrl\":\"https:\\\/\\\/tissi.de\\\/wp-content\\\/uploads\\\/2025\\\/01\\\/hilf-mir-es-selbst-zu-tun.jpg\",\"datePublished\":\"2025-01-28T07:19:59+00:00\",\"dateModified\":\"2026-08-24T09:26:46+00:00\",\"breadcrumb\":{\"@id\":\"https:\\\/\\\/tissi.de\\\/sv\\\/hjaelp-mig-att-goera-det-sjaelv\\\/#breadcrumb\"},\"inLanguage\":\"sv-SE\",\"potentialAction\":[{\"@type\":\"ReadAction\",\"target\":[\"https:\\\/\\\/tissi.de\\\/sv\\\/hjaelp-mig-att-goera-det-sjaelv\\\/\"]}]},{\"@type\":\"ImageObject\",\"inLanguage\":\"sv-SE\",\"@id\":\"https:\\\/\\\/tissi.de\\\/sv\\\/hjaelp-mig-att-goera-det-sjaelv\\\/#primaryimage\",\"url\":\"https:\\\/\\\/tissi.de\\\/wp-content\\\/uploads\\\/2025\\\/01\\\/hilf-mir-es-selbst-zu-tun.jpg\",\"contentUrl\":\"https:\\\/\\\/tissi.de\\\/wp-content\\\/uploads\\\/2025\\\/01\\\/hilf-mir-es-selbst-zu-tun.jpg\",\"width\":1080,\"height\":1350,\"caption\":\"Adult and child at table with toys and an apple, interacting attentively.\"},{\"@type\":\"BreadcrumbList\",\"@id\":\"https:\\\/\\\/tissi.de\\\/sv\\\/hjaelp-mig-att-goera-det-sjaelv\\\/#breadcrumb\",\"itemListElement\":[{\"@type\":\"ListItem\",\"position\":1,\"name\":\"Startseite\",\"item\":\"https:\\\/\\\/tissi.de\\\/sv\\\/hem\\\/\"},{\"@type\":\"ListItem\",\"position\":2,\"name\":\"Hj\u00e4lp mig att g\u00f6ra det sj\u00e4lv!\"}]},{\"@type\":\"WebSite\",\"@id\":\"https:\\\/\\\/tissi.de\\\/sv\\\/#website\",\"url\":\"https:\\\/\\\/tissi.de\\\/sv\\\/\",\"name\":\"tiSsi\u00ae\",\"description\":\"Familie beginnt mit uns! Lernturm, Hochstuhl, Kinderm\u00f6bel, Laufgitter\",\"publisher\":{\"@id\":\"https:\\\/\\\/tissi.de\\\/sv\\\/#organization\"},\"potentialAction\":[{\"@type\":\"SearchAction\",\"target\":{\"@type\":\"EntryPoint\",\"urlTemplate\":\"https:\\\/\\\/tissi.de\\\/sv\\\/?s={search_term_string}\"},\"query-input\":{\"@type\":\"PropertyValueSpecification\",\"valueRequired\":true,\"valueName\":\"search_term_string\"}}],\"inLanguage\":\"sv-SE\"},{\"@type\":\"Organization\",\"@id\":\"https:\\\/\\\/tissi.de\\\/sv\\\/#organization\",\"name\":\"M.J. Oster GmbH\",\"url\":\"https:\\\/\\\/tissi.de\\\/sv\\\/\",\"logo\":{\"@type\":\"ImageObject\",\"inLanguage\":\"sv-SE\",\"@id\":\"https:\\\/\\\/tissi.de\\\/sv\\\/#\\\/schema\\\/logo\\\/image\\\/\",\"url\":\"https:\\\/\\\/tissi.de\\\/wp-content\\\/uploads\\\/2022\\\/04\\\/tissi-logo.webp\",\"contentUrl\":\"https:\\\/\\\/tissi.de\\\/wp-content\\\/uploads\\\/2022\\\/04\\\/tissi-logo.webp\",\"width\":300,\"height\":173,\"caption\":\"M.J. Oster GmbH\"},\"image\":{\"@id\":\"https:\\\/\\\/tissi.de\\\/sv\\\/#\\\/schema\\\/logo\\\/image\\\/\"},\"sameAs\":[\"https:\\\/\\\/de-de.facebook.com\\\/tiSsikids\\\/\",\"https:\\\/\\\/www.instagram.com\\\/tissi_kids\\\/\"]},{\"@type\":\"Person\",\"@id\":\"https:\\\/\\\/tissi.de\\\/sv\\\/#\\\/schema\\\/person\\\/73ec827968169076ba2089ff07f536fe\",\"name\":\"Michael Zschische\",\"image\":{\"@type\":\"ImageObject\",\"inLanguage\":\"sv-SE\",\"@id\":\"https:\\\/\\\/secure.gravatar.com\\\/avatar\\\/4325677e1eafd40541e30b2173bb41d8df3d26ba55e6c228588bc3055b4d6f5d?s=96&d=mm&r=g\",\"url\":\"https:\\\/\\\/secure.gravatar.com\\\/avatar\\\/4325677e1eafd40541e30b2173bb41d8df3d26ba55e6c228588bc3055b4d6f5d?s=96&d=mm&r=g\",\"contentUrl\":\"https:\\\/\\\/secure.gravatar.com\\\/avatar\\\/4325677e1eafd40541e30b2173bb41d8df3d26ba55e6c228588bc3055b4d6f5d?s=96&d=mm&r=g\",\"caption\":\"Michael Zschische\"},\"url\":\"https:\\\/\\\/tissi.de\\\/sv\\\/author\\\/zschiescheklimekschneider-com\\\/\"}]}<\/script>\n<!-- \/ Yoast SEO plugin. -->","yoast_head_json":{"title":"Hj\u00e4lp mig att g\u00f6ra det sj\u00e4lv! - tiSsi\u00ae","robots":{"index":"index","follow":"follow","max-snippet":"max-snippet:-1","max-image-preview":"max-image-preview:large","max-video-preview":"max-video-preview:-1"},"canonical":"https:\/\/tissi.de\/sv\/hjaelp-mig-att-goera-det-sjaelv\/","og_locale":"sv_SE","og_type":"article","og_title":"Hj\u00e4lp mig att g\u00f6ra det sj\u00e4lv! - tiSsi\u00ae","og_description":"[vc_row][vc_column] Hj\u00e4lp mig att g\u00f6ra det sj\u00e4lv! [vc_column_text css=&#8221;&#8221;] \u201dHj\u00e4lp mig att g\u00f6ra det sj\u00e4lv!\u201d \u2013 Varf\u00f6r sj\u00e4lvst\u00e4ndighet \u00e4r nyckeln till utveckling Med sitt ber\u00f6mda uttryck \u201dHj\u00e4lp mig att g\u00f6ra det sj\u00e4lv!\u201d formulerade Maria Montessori en grundpelare i barns utveckling. Denna enkla men kraftfulla uppmaning speglar varje barns \u00f6nskan att p\u00e5 egen hand utforska v\u00e4rlden [&hellip;]","og_url":"https:\/\/tissi.de\/sv\/hjaelp-mig-att-goera-det-sjaelv\/","og_site_name":"tiSsi\u00ae","article_publisher":"https:\/\/de-de.facebook.com\/tiSsikids\/","article_published_time":"2025-01-28T07:19:59+00:00","article_modified_time":"2026-08-24T09:26:46+00:00","og_image":[{"width":1080,"height":1350,"url":"https:\/\/tissi.de\/wp-content\/uploads\/2025\/01\/hilf-mir-es-selbst-zu-tun.jpg","type":"image\/jpeg"}],"author":"Michael Zschische","twitter_card":"summary_large_image","twitter_misc":{"Skriven av":"Michael Zschische","Ber\u00e4knad l\u00e4stid":"3 minuter"},"schema":{"@context":"https:\/\/schema.org","@graph":[{"@type":"Article","@id":"https:\/\/tissi.de\/sv\/hjaelp-mig-att-goera-det-sjaelv\/#article","isPartOf":{"@id":"https:\/\/tissi.de\/sv\/hjaelp-mig-att-goera-det-sjaelv\/"},"author":{"name":"Michael Zschische","@id":"https:\/\/tissi.de\/sv\/#\/schema\/person\/73ec827968169076ba2089ff07f536fe"},"headline":"Hj\u00e4lp mig att g\u00f6ra det sj\u00e4lv!","datePublished":"2025-01-28T07:19:59+00:00","dateModified":"2026-08-24T09:26:46+00:00","mainEntityOfPage":{"@id":"https:\/\/tissi.de\/sv\/hjaelp-mig-att-goera-det-sjaelv\/"},"wordCount":652,"publisher":{"@id":"https:\/\/tissi.de\/sv\/#organization"},"image":{"@id":"https:\/\/tissi.de\/sv\/hjaelp-mig-att-goera-det-sjaelv\/#primaryimage"},"thumbnailUrl":"https:\/\/tissi.de\/wp-content\/uploads\/2025\/01\/hilf-mir-es-selbst-zu-tun.jpg","articleSection":["Okategoriserad"],"inLanguage":"sv-SE"},{"@type":"WebPage","@id":"https:\/\/tissi.de\/sv\/hjaelp-mig-att-goera-det-sjaelv\/","url":"https:\/\/tissi.de\/sv\/hjaelp-mig-att-goera-det-sjaelv\/","name":"Hj\u00e4lp mig att g\u00f6ra det sj\u00e4lv! - tiSsi\u00ae","isPartOf":{"@id":"https:\/\/tissi.de\/sv\/#website"},"primaryImageOfPage":{"@id":"https:\/\/tissi.de\/sv\/hjaelp-mig-att-goera-det-sjaelv\/#primaryimage"},"image":{"@id":"https:\/\/tissi.de\/sv\/hjaelp-mig-att-goera-det-sjaelv\/#primaryimage"},"thumbnailUrl":"https:\/\/tissi.de\/wp-content\/uploads\/2025\/01\/hilf-mir-es-selbst-zu-tun.jpg","datePublished":"2025-01-28T07:19:59+00:00","dateModified":"2026-08-24T09:26:46+00:00","breadcrumb":{"@id":"https:\/\/tissi.de\/sv\/hjaelp-mig-att-goera-det-sjaelv\/#breadcrumb"},"inLanguage":"sv-SE","potentialAction":[{"@type":"ReadAction","target":["https:\/\/tissi.de\/sv\/hjaelp-mig-att-goera-det-sjaelv\/"]}]},{"@type":"ImageObject","inLanguage":"sv-SE","@id":"https:\/\/tissi.de\/sv\/hjaelp-mig-att-goera-det-sjaelv\/#primaryimage","url":"https:\/\/tissi.de\/wp-content\/uploads\/2025\/01\/hilf-mir-es-selbst-zu-tun.jpg","contentUrl":"https:\/\/tissi.de\/wp-content\/uploads\/2025\/01\/hilf-mir-es-selbst-zu-tun.jpg","width":1080,"height":1350,"caption":"Adult and child at table with toys and an apple, interacting attentively."},{"@type":"BreadcrumbList","@id":"https:\/\/tissi.de\/sv\/hjaelp-mig-att-goera-det-sjaelv\/#breadcrumb","itemListElement":[{"@type":"ListItem","position":1,"name":"Startseite","item":"https:\/\/tissi.de\/sv\/hem\/"},{"@type":"ListItem","position":2,"name":"Hj\u00e4lp mig att g\u00f6ra det sj\u00e4lv!"}]},{"@type":"WebSite","@id":"https:\/\/tissi.de\/sv\/#website","url":"https:\/\/tissi.de\/sv\/","name":"tiSsi\u00ae","description":"Familie beginnt mit uns! Lernturm, Hochstuhl, Kinderm\u00f6bel, Laufgitter","publisher":{"@id":"https:\/\/tissi.de\/sv\/#organization"},"potentialAction":[{"@type":"SearchAction","target":{"@type":"EntryPoint","urlTemplate":"https:\/\/tissi.de\/sv\/?s={search_term_string}"},"query-input":{"@type":"PropertyValueSpecification","valueRequired":true,"valueName":"search_term_string"}}],"inLanguage":"sv-SE"},{"@type":"Organization","@id":"https:\/\/tissi.de\/sv\/#organization","name":"M.J. Oster GmbH","url":"https:\/\/tissi.de\/sv\/","logo":{"@type":"ImageObject","inLanguage":"sv-SE","@id":"https:\/\/tissi.de\/sv\/#\/schema\/logo\/image\/","url":"https:\/\/tissi.de\/wp-content\/uploads\/2022\/04\/tissi-logo.webp","contentUrl":"https:\/\/tissi.de\/wp-content\/uploads\/2022\/04\/tissi-logo.webp","width":300,"height":173,"caption":"M.J. Oster GmbH"},"image":{"@id":"https:\/\/tissi.de\/sv\/#\/schema\/logo\/image\/"},"sameAs":["https:\/\/de-de.facebook.com\/tiSsikids\/","https:\/\/www.instagram.com\/tissi_kids\/"]},{"@type":"Person","@id":"https:\/\/tissi.de\/sv\/#\/schema\/person\/73ec827968169076ba2089ff07f536fe","name":"Michael Zschische","image":{"@type":"ImageObject","inLanguage":"sv-SE","@id":"https:\/\/secure.gravatar.com\/avatar\/4325677e1eafd40541e30b2173bb41d8df3d26ba55e6c228588bc3055b4d6f5d?s=96&d=mm&r=g","url":"https:\/\/secure.gravatar.com\/avatar\/4325677e1eafd40541e30b2173bb41d8df3d26ba55e6c228588bc3055b4d6f5d?s=96&d=mm&r=g","contentUrl":"https:\/\/secure.gravatar.com\/avatar\/4325677e1eafd40541e30b2173bb41d8df3d26ba55e6c228588bc3055b4d6f5d?s=96&d=mm&r=g","caption":"Michael Zschische"},"url":"https:\/\/tissi.de\/sv\/author\/zschiescheklimekschneider-com\/"}]}},"jetpack_sharing_enabled":true,"jetpack_featured_media_url":"https:\/\/tissi.de\/wp-content\/uploads\/2025\/01\/hilf-mir-es-selbst-zu-tun.jpg","_links":{"self":[{"href":"https:\/\/tissi.de\/sv\/wp-json\/wp\/v2\/posts\/59982","targetHints":{"allow":["GET"]}}],"collection":[{"href":"https:\/\/tissi.de\/sv\/wp-json\/wp\/v2\/posts"}],"about":[{"href":"https:\/\/tissi.de\/sv\/wp-json\/wp\/v2\/types\/post"}],"author":[{"embeddable":true,"href":"https:\/\/tissi.de\/sv\/wp-json\/wp\/v2\/users\/155"}],"replies":[{"embeddable":true,"href":"https:\/\/tissi.de\/sv\/wp-json\/wp\/v2\/comments?post=59982"}],"version-history":[{"count":2,"href":"https:\/\/tissi.de\/sv\/wp-json\/wp\/v2\/posts\/59982\/revisions"}],"predecessor-version":[{"id":59985,"href":"https:\/\/tissi.de\/sv\/wp-json\/wp\/v2\/posts\/59982\/revisions\/59985"}],"wp:featuredmedia":[{"embeddable":true,"href":"https:\/\/tissi.de\/sv\/wp-json\/wp\/v2\/media\/7454"}],"wp:attachment":[{"href":"https:\/\/tissi.de\/sv\/wp-json\/wp\/v2\/media?parent=59982"}],"wp:term":[{"taxonomy":"category","embeddable":true,"href":"https:\/\/tissi.de\/sv\/wp-json\/wp\/v2\/categories?post=59982"},{"taxonomy":"post_tag","embeddable":true,"href":"https:\/\/tissi.de\/sv\/wp-json\/wp\/v2\/tags?post=59982"}],"curies":[{"name":"wp","href":"https:\/\/api.w.org\/{rel}","templated":true}]}}