{"id":59990,"date":"2022-05-19T12:54:31","date_gmt":"2022-05-19T10:54:31","guid":{"rendered":"https:\/\/tissi.de\/haallbarhet\/"},"modified":"2026-08-24T11:26:50","modified_gmt":"2026-08-24T09:26:50","slug":"haallbarhet","status":"publish","type":"post","link":"https:\/\/tissi.de\/sv\/haallbarhet\/","title":{"rendered":"H\u00e5llbarhet"},"content":{"rendered":"<div class=\"wpb-content-wrapper\" id=\"wpb-content-root\"><p>[vc_row][vc_column][vc_column_text css=&#8221;&#8221;]<\/p>\n<h2>&#8230; i v\u00e5rt f\u00f6retag tiSsi<\/h2>\n<p>Med tanke p\u00e5 v\u00e5r framtid och jordens kommande decennier har fr\u00e5gan om \u201dmilj\u00f6skydd\u201d f\u00e5tt en allt st\u00f6rre betydelse under de senaste \u00e5ren. Allt fler m\u00e4nniskor efterfr\u00e5gar alternativ som de kan k\u00f6pa med gott samvete och som \u00e4nd\u00e5 h\u00e5ller h\u00f6g kvalitet. <\/p>\n<p>Dessutom b\u00f6r pris-prestandaf\u00f6rh\u00e5llandet st\u00e4mma. Det f\u00f6rv\u00e4ntas ocks\u00e5 i allt h\u00f6gre grad att f\u00f6retag ska ta ansvar f\u00f6r milj\u00f6skydd och h\u00e5llbarhet. N\u00e4r allt kommer omkring \u00e4r varje kvitto eller ink\u00f6p en sorts r\u00f6stsedel som man l\u00e4gger ner. Vad vill ni se mer av, och vad tycker ni borde f\u00f6rsvinna helt fr\u00e5n hyllorna i stormarknaderna och n\u00e4tbutikerna?   <\/p>\n<p>H\u00e5llbarhet har blivit allt viktigare \u00e4ven f\u00f6r tiSsi. \u00c4ven om vi redan fr\u00e5n b\u00f6rjan har lagt stor vikt vid h\u00e5llbar produktion m\u00e4rker vi att det fortfarande finns ytterligare m\u00f6jligheter att f\u00f6rb\u00e4ttra h\u00e5llbarheten. <\/p>\n<h2>H\u00e5llbara produkter utan plastf\u00f6rpackningar<\/h2>\n<p>Hur bra en produkt \u00e4n m\u00e5 vara, s\u00e5 f\u00f6rpackas den i de allra flesta fall gener\u00f6st med vanliga plastf\u00f6rpackningar. Dessa \u00e4r s\u00e4rskilt skadliga f\u00f6r v\u00e5r milj\u00f6. <\/p>\n<p>Naturligtvis \u00e4r produktens h\u00e5llbarhet det f\u00f6rsta steget mot en allm\u00e4n f\u00f6rb\u00e4ttring f\u00f6r v\u00e5r jord, men detta milj\u00f6medvetande kan inte bara stanna vid transporten eller f\u00f6rpackningen av varorna.<\/p>\n<p>V\u00e5r logotyp \u201dtiSsi \u2013 Plastfri\u201d ligger oss s\u00e4rskilt varmt om hj\u00e4rtat, eftersom den redan vid f\u00f6rsta anblicken visar vad som \u00e4r viktigt f\u00f6r f\u00f6retaget tiSsi. Av hygieniska sk\u00e4l \u00e4r vi tvungna att f\u00f6rpacka tiSsis madrasser och sp\u00e4nnlakan i plast. <\/p>\n<p>Vi arbetar redan intensivt med att ta fram l\u00f6sningar f\u00f6r att kunna erbjuda er en tillfredsst\u00e4llande l\u00f6sning. N\u00e4r det g\u00e4ller alla \u00f6vriga varor som vi erbjuder har vi dock redan slutat anv\u00e4nda plastf\u00f6rpackningar av milj\u00f6sk\u00e4l.   <\/p>\n<h2>Material spelar en viktig roll f\u00f6r h\u00e5llbarheten<\/h2>\n<p>Det \u00e4r inte bara f\u00f6rpackningen utan \u00e4ven sj\u00e4lva materialet som har stor inverkan p\u00e5 v\u00e5ra produkters h\u00e5llbarhet. F\u00f6retaget tiSsi har medvetet valt att enbart k\u00f6pa in material fr\u00e5n Europa. \u00c4ven transportstr\u00e4ckorna ska h\u00e5llas s\u00e5 korta som m\u00f6jligt och endast vara s\u00e5 l\u00e5nga som absolut n\u00f6dv\u00e4ndigt.  <\/p>\n<p>Det skulle naturligtvis vara billigare f\u00f6r f\u00f6retaget om vi k\u00f6pte in material utanf\u00f6r Europa och l\u00e4t det transporteras l\u00e5nga str\u00e4ckor till oss. P\u00e5 det s\u00e4ttet kan man inte heller garantera h\u00e5llbarheten, eftersom l\u00e5nga, on\u00f6diga transporter \u00e4r skadliga f\u00f6r milj\u00f6n. S\u00e4rskilt n\u00e4r man egentligen skulle kunna undvika dem.  <\/p>\n<p>Det virke som vi k\u00f6per in fr\u00e5n det angr\u00e4nsande Europaomr\u00e5det \u00e4r av h\u00f6gsta kvalitet. Det r\u00f6r sig alltid om certifierade skogsbest\u00e5nd som s\u00e4kerst\u00e4ller \u00f6nskad h\u00e5llbarhet. N\u00e4r det g\u00e4ller transporter anv\u00e4nder f\u00f6retaget tiSsi dessutom m\u00e5nga elfordon och f\u00f6reg\u00e5r med gott exempel.  <\/p>\n<p>H\u00e5llbarhet kan faktiskt vara enkelt!<\/p>\n<h2>Material fr\u00e5n Tyskland f\u00f6r h\u00e5llbarhet<\/h2>\n<p>Ett ytterligare steg mot h\u00e5llbarhet \u00e4r att vi alltid l\u00e5ter tillverka alla plastdelar, till exempel n\u00f6dv\u00e4ndiga rullor och beslag, i Tyskland.<\/p>\n<p>P\u00e5 detta s\u00e4tt kan tiSsi garantera en milj\u00f6m\u00e4ssigt h\u00e5llbar tillverkning. Ink\u00f6p av material fr\u00e5n Tyskland bidrar till h\u00e5llbarheten. <\/p>\n<h2>\u00c4nnu mer h\u00e5llbarhet hos tiSsi<\/h2>\n<p>I den m\u00e5n vi har m\u00f6jlighet att v\u00e4lja kommer vi alltid att v\u00e4lja det b\u00e4ttre och mer milj\u00f6v\u00e4nliga alternativet n\u00e4r det g\u00e4ller leverans, material, produktion och frakt.<\/p>\n<p>P\u00e5 samma s\u00e4tt \u00e4r \u00e4ven m\u00e5nga andra material som vi anv\u00e4nder milj\u00f6m\u00e4ssigt h\u00e5llbara. Dit h\u00f6r bland annat alla v\u00e5ra lacker och ytbehandlingar. <\/p>\n<p>Vi erbjuder er kvalitet, estetiskt tilltalande produkter, h\u00e5llbarhet och en utm\u00e4rkt kundservice!<\/p>\n<p>[\/vc_column_text][\/vc_column][\/vc_row]<\/p>\n<\/div>","protected":false},"excerpt":{"rendered":"<p>[vc_row][vc_column][vc_column_text css=&#8221;&#8221;] &#8230; i v\u00e5rt f\u00f6retag tiSsi Med tanke p\u00e5 v\u00e5r framtid och jordens kommande decennier har fr\u00e5gan om \u201dmilj\u00f6skydd\u201d f\u00e5tt en allt st\u00f6rre betydelse under de senaste \u00e5ren. Allt fler m\u00e4nniskor efterfr\u00e5gar alternativ som de kan k\u00f6pa med gott samvete och som \u00e4nd\u00e5 h\u00e5ller h\u00f6g kvalitet. Dessutom b\u00f6r pris-prestandaf\u00f6rh\u00e5llandet st\u00e4mma. Det f\u00f6rv\u00e4ntas ocks\u00e5 i [&hellip;]<\/p>\n","protected":false},"author":2,"featured_media":2770,"comment_status":"closed","ping_status":"closed","sticky":false,"template":"","format":"standard","meta":{"_acf_changed":false,"inline_featured_image":false,"_jetpack_newsletter_access":"","_jetpack_dont_email_post_to_subs":false,"_jetpack_newsletter_tier_id":0,"_jetpack_memberships_contains_paywalled_content":false,"_jetpack_feature_clip_id":0,"_jetpack_memberships_contains_paid_content":false,"footnotes":"","jetpack_post_was_ever_published":false},"categories":[718],"tags":[],"class_list":["post-59990","post","type-post","status-publish","format-standard","has-post-thumbnail","hentry","category-okategoriserad"],"acf":[],"yoast_head":"<!-- This site is optimized with the Yoast SEO plugin v28.3 - https:\/\/yoast.com\/product\/yoast-seo-wordpress\/ -->\n<title>tiSsi\u00ae \u2013 H\u00e5llbarhet<\/title>\n<meta name=\"description\" content=\"L\u00e4s mer om hur tiSsi arbetar f\u00f6r h\u00e5llbarhet och milj\u00f6skydd: V\u00e5rt engagemang f\u00f6r en gr\u00f6nare framtid g\u00e5r hand i hand med kvalitet och kundservice.\" \/>\n<meta name=\"robots\" content=\"index, follow, max-snippet:-1, max-image-preview:large, max-video-preview:-1\" \/>\n<link rel=\"canonical\" href=\"https:\/\/tissi.de\/sv\/haallbarhet\/\" \/>\n<meta property=\"og:locale\" content=\"sv_SE\" \/>\n<meta property=\"og:type\" content=\"article\" \/>\n<meta property=\"og:title\" content=\"tiSsi\u00ae \u2013 H\u00e5llbarhet\" \/>\n<meta property=\"og:description\" content=\"L\u00e4s mer om hur tiSsi arbetar f\u00f6r h\u00e5llbarhet och milj\u00f6skydd: V\u00e5rt engagemang f\u00f6r en gr\u00f6nare framtid g\u00e5r hand i hand med kvalitet och kundservice.\" \/>\n<meta property=\"og:url\" content=\"https:\/\/tissi.de\/sv\/haallbarhet\/\" \/>\n<meta property=\"og:site_name\" content=\"tiSsi\u00ae\" \/>\n<meta property=\"article:publisher\" content=\"https:\/\/de-de.facebook.com\/tiSsikids\/\" \/>\n<meta property=\"article:published_time\" content=\"2022-05-19T10:54:31+00:00\" \/>\n<meta property=\"article:modified_time\" content=\"2026-08-24T09:26:50+00:00\" \/>\n<meta property=\"og:image\" content=\"https:\/\/tissi.de\/wp-content\/uploads\/2022\/05\/nachhaltigkeit-scaled.jpg\" \/>\n\t<meta property=\"og:image:width\" content=\"2560\" \/>\n\t<meta property=\"og:image:height\" content=\"1707\" \/>\n\t<meta property=\"og:image:type\" content=\"image\/jpeg\" \/>\n<meta name=\"author\" content=\"Redaktion TISSI\" \/>\n<meta name=\"twitter:card\" content=\"summary_large_image\" \/>\n<meta name=\"twitter:label1\" content=\"Skriven av\" \/>\n\t<meta name=\"twitter:data1\" content=\"Redaktion TISSI\" \/>\n\t<meta name=\"twitter:label2\" content=\"Ber\u00e4knad l\u00e4stid\" \/>\n\t<meta name=\"twitter:data2\" content=\"3 minuter\" \/>\n<script type=\"application\/ld+json\" class=\"yoast-schema-graph\">{\"@context\":\"https:\\\/\\\/schema.org\",\"@graph\":[{\"@type\":\"Article\",\"@id\":\"https:\\\/\\\/tissi.de\\\/sv\\\/haallbarhet\\\/#article\",\"isPartOf\":{\"@id\":\"https:\\\/\\\/tissi.de\\\/sv\\\/haallbarhet\\\/\"},\"author\":{\"name\":\"Redaktion TISSI\",\"@id\":\"https:\\\/\\\/tissi.de\\\/sv\\\/#\\\/schema\\\/person\\\/feffc4b83794a4ccd019ed8588960f8d\"},\"headline\":\"H\u00e5llbarhet\",\"datePublished\":\"2022-05-19T10:54:31+00:00\",\"dateModified\":\"2026-08-24T09:26:50+00:00\",\"mainEntityOfPage\":{\"@id\":\"https:\\\/\\\/tissi.de\\\/sv\\\/haallbarhet\\\/\"},\"wordCount\":690,\"publisher\":{\"@id\":\"https:\\\/\\\/tissi.de\\\/sv\\\/#organization\"},\"image\":{\"@id\":\"https:\\\/\\\/tissi.de\\\/sv\\\/haallbarhet\\\/#primaryimage\"},\"thumbnailUrl\":\"https:\\\/\\\/tissi.de\\\/wp-content\\\/uploads\\\/2022\\\/05\\\/nachhaltigkeit-scaled.jpg\",\"articleSection\":[\"Okategoriserad\"],\"inLanguage\":\"sv-SE\"},{\"@type\":\"WebPage\",\"@id\":\"https:\\\/\\\/tissi.de\\\/sv\\\/haallbarhet\\\/\",\"url\":\"https:\\\/\\\/tissi.de\\\/sv\\\/haallbarhet\\\/\",\"name\":\"tiSsi\u00ae \u2013 H\u00e5llbarhet\",\"isPartOf\":{\"@id\":\"https:\\\/\\\/tissi.de\\\/sv\\\/#website\"},\"primaryImageOfPage\":{\"@id\":\"https:\\\/\\\/tissi.de\\\/sv\\\/haallbarhet\\\/#primaryimage\"},\"image\":{\"@id\":\"https:\\\/\\\/tissi.de\\\/sv\\\/haallbarhet\\\/#primaryimage\"},\"thumbnailUrl\":\"https:\\\/\\\/tissi.de\\\/wp-content\\\/uploads\\\/2022\\\/05\\\/nachhaltigkeit-scaled.jpg\",\"datePublished\":\"2022-05-19T10:54:31+00:00\",\"dateModified\":\"2026-08-24T09:26:50+00:00\",\"description\":\"L\u00e4s mer om hur tiSsi arbetar f\u00f6r h\u00e5llbarhet och milj\u00f6skydd: V\u00e5rt engagemang f\u00f6r en gr\u00f6nare framtid g\u00e5r hand i hand med kvalitet och kundservice.\",\"breadcrumb\":{\"@id\":\"https:\\\/\\\/tissi.de\\\/sv\\\/haallbarhet\\\/#breadcrumb\"},\"inLanguage\":\"sv-SE\",\"potentialAction\":[{\"@type\":\"ReadAction\",\"target\":[\"https:\\\/\\\/tissi.de\\\/sv\\\/haallbarhet\\\/\"]}]},{\"@type\":\"ImageObject\",\"inLanguage\":\"sv-SE\",\"@id\":\"https:\\\/\\\/tissi.de\\\/sv\\\/haallbarhet\\\/#primaryimage\",\"url\":\"https:\\\/\\\/tissi.de\\\/wp-content\\\/uploads\\\/2022\\\/05\\\/nachhaltigkeit-scaled.jpg\",\"contentUrl\":\"https:\\\/\\\/tissi.de\\\/wp-content\\\/uploads\\\/2022\\\/05\\\/nachhaltigkeit-scaled.jpg\",\"width\":2560,\"height\":1707,\"caption\":\"Person holding a small green moss sphere, symbolizing eco-friendliness and sustainability. Nachhaltigkeit.\"},{\"@type\":\"BreadcrumbList\",\"@id\":\"https:\\\/\\\/tissi.de\\\/sv\\\/haallbarhet\\\/#breadcrumb\",\"itemListElement\":[{\"@type\":\"ListItem\",\"position\":1,\"name\":\"Startseite\",\"item\":\"https:\\\/\\\/tissi.de\\\/sv\\\/hem\\\/\"},{\"@type\":\"ListItem\",\"position\":2,\"name\":\"H\u00e5llbarhet\"}]},{\"@type\":\"WebSite\",\"@id\":\"https:\\\/\\\/tissi.de\\\/sv\\\/#website\",\"url\":\"https:\\\/\\\/tissi.de\\\/sv\\\/\",\"name\":\"tiSsi\u00ae\",\"description\":\"Familie beginnt mit uns! Lernturm, Hochstuhl, Kinderm\u00f6bel, Laufgitter\",\"publisher\":{\"@id\":\"https:\\\/\\\/tissi.de\\\/sv\\\/#organization\"},\"potentialAction\":[{\"@type\":\"SearchAction\",\"target\":{\"@type\":\"EntryPoint\",\"urlTemplate\":\"https:\\\/\\\/tissi.de\\\/sv\\\/?s={search_term_string}\"},\"query-input\":{\"@type\":\"PropertyValueSpecification\",\"valueRequired\":true,\"valueName\":\"search_term_string\"}}],\"inLanguage\":\"sv-SE\"},{\"@type\":\"Organization\",\"@id\":\"https:\\\/\\\/tissi.de\\\/sv\\\/#organization\",\"name\":\"M.J. Oster GmbH\",\"url\":\"https:\\\/\\\/tissi.de\\\/sv\\\/\",\"logo\":{\"@type\":\"ImageObject\",\"inLanguage\":\"sv-SE\",\"@id\":\"https:\\\/\\\/tissi.de\\\/sv\\\/#\\\/schema\\\/logo\\\/image\\\/\",\"url\":\"https:\\\/\\\/tissi.de\\\/wp-content\\\/uploads\\\/2022\\\/04\\\/tissi-logo.webp\",\"contentUrl\":\"https:\\\/\\\/tissi.de\\\/wp-content\\\/uploads\\\/2022\\\/04\\\/tissi-logo.webp\",\"width\":300,\"height\":173,\"caption\":\"M.J. Oster GmbH\"},\"image\":{\"@id\":\"https:\\\/\\\/tissi.de\\\/sv\\\/#\\\/schema\\\/logo\\\/image\\\/\"},\"sameAs\":[\"https:\\\/\\\/de-de.facebook.com\\\/tiSsikids\\\/\",\"https:\\\/\\\/www.instagram.com\\\/tissi_kids\\\/\"]},{\"@type\":\"Person\",\"@id\":\"https:\\\/\\\/tissi.de\\\/sv\\\/#\\\/schema\\\/person\\\/feffc4b83794a4ccd019ed8588960f8d\",\"name\":\"Redaktion TISSI\",\"image\":{\"@type\":\"ImageObject\",\"inLanguage\":\"sv-SE\",\"@id\":\"https:\\\/\\\/secure.gravatar.com\\\/avatar\\\/c0c9282fd92a029eab2387c323adf137b95b7afdc0da332c8bee128bbb45853d?s=96&d=mm&r=g\",\"url\":\"https:\\\/\\\/secure.gravatar.com\\\/avatar\\\/c0c9282fd92a029eab2387c323adf137b95b7afdc0da332c8bee128bbb45853d?s=96&d=mm&r=g\",\"contentUrl\":\"https:\\\/\\\/secure.gravatar.com\\\/avatar\\\/c0c9282fd92a029eab2387c323adf137b95b7afdc0da332c8bee128bbb45853d?s=96&d=mm&r=g\",\"caption\":\"Redaktion TISSI\"},\"url\":\"https:\\\/\\\/tissi.de\\\/sv\\\/author\\\/dawost-red\\\/\"}]}<\/script>\n<!-- \/ Yoast SEO plugin. -->","yoast_head_json":{"title":"tiSsi\u00ae \u2013 H\u00e5llbarhet","description":"L\u00e4s mer om hur tiSsi arbetar f\u00f6r h\u00e5llbarhet och milj\u00f6skydd: V\u00e5rt engagemang f\u00f6r en gr\u00f6nare framtid g\u00e5r hand i hand med kvalitet och kundservice.","robots":{"index":"index","follow":"follow","max-snippet":"max-snippet:-1","max-image-preview":"max-image-preview:large","max-video-preview":"max-video-preview:-1"},"canonical":"https:\/\/tissi.de\/sv\/haallbarhet\/","og_locale":"sv_SE","og_type":"article","og_title":"tiSsi\u00ae \u2013 H\u00e5llbarhet","og_description":"L\u00e4s mer om hur tiSsi arbetar f\u00f6r h\u00e5llbarhet och milj\u00f6skydd: V\u00e5rt engagemang f\u00f6r en gr\u00f6nare framtid g\u00e5r hand i hand med kvalitet och kundservice.","og_url":"https:\/\/tissi.de\/sv\/haallbarhet\/","og_site_name":"tiSsi\u00ae","article_publisher":"https:\/\/de-de.facebook.com\/tiSsikids\/","article_published_time":"2022-05-19T10:54:31+00:00","article_modified_time":"2026-08-24T09:26:50+00:00","og_image":[{"width":2560,"height":1707,"url":"https:\/\/tissi.de\/wp-content\/uploads\/2022\/05\/nachhaltigkeit-scaled.jpg","type":"image\/jpeg"}],"author":"Redaktion TISSI","twitter_card":"summary_large_image","twitter_misc":{"Skriven av":"Redaktion TISSI","Ber\u00e4knad l\u00e4stid":"3 minuter"},"schema":{"@context":"https:\/\/schema.org","@graph":[{"@type":"Article","@id":"https:\/\/tissi.de\/sv\/haallbarhet\/#article","isPartOf":{"@id":"https:\/\/tissi.de\/sv\/haallbarhet\/"},"author":{"name":"Redaktion TISSI","@id":"https:\/\/tissi.de\/sv\/#\/schema\/person\/feffc4b83794a4ccd019ed8588960f8d"},"headline":"H\u00e5llbarhet","datePublished":"2022-05-19T10:54:31+00:00","dateModified":"2026-08-24T09:26:50+00:00","mainEntityOfPage":{"@id":"https:\/\/tissi.de\/sv\/haallbarhet\/"},"wordCount":690,"publisher":{"@id":"https:\/\/tissi.de\/sv\/#organization"},"image":{"@id":"https:\/\/tissi.de\/sv\/haallbarhet\/#primaryimage"},"thumbnailUrl":"https:\/\/tissi.de\/wp-content\/uploads\/2022\/05\/nachhaltigkeit-scaled.jpg","articleSection":["Okategoriserad"],"inLanguage":"sv-SE"},{"@type":"WebPage","@id":"https:\/\/tissi.de\/sv\/haallbarhet\/","url":"https:\/\/tissi.de\/sv\/haallbarhet\/","name":"tiSsi\u00ae \u2013 H\u00e5llbarhet","isPartOf":{"@id":"https:\/\/tissi.de\/sv\/#website"},"primaryImageOfPage":{"@id":"https:\/\/tissi.de\/sv\/haallbarhet\/#primaryimage"},"image":{"@id":"https:\/\/tissi.de\/sv\/haallbarhet\/#primaryimage"},"thumbnailUrl":"https:\/\/tissi.de\/wp-content\/uploads\/2022\/05\/nachhaltigkeit-scaled.jpg","datePublished":"2022-05-19T10:54:31+00:00","dateModified":"2026-08-24T09:26:50+00:00","description":"L\u00e4s mer om hur tiSsi arbetar f\u00f6r h\u00e5llbarhet och milj\u00f6skydd: V\u00e5rt engagemang f\u00f6r en gr\u00f6nare framtid g\u00e5r hand i hand med kvalitet och kundservice.","breadcrumb":{"@id":"https:\/\/tissi.de\/sv\/haallbarhet\/#breadcrumb"},"inLanguage":"sv-SE","potentialAction":[{"@type":"ReadAction","target":["https:\/\/tissi.de\/sv\/haallbarhet\/"]}]},{"@type":"ImageObject","inLanguage":"sv-SE","@id":"https:\/\/tissi.de\/sv\/haallbarhet\/#primaryimage","url":"https:\/\/tissi.de\/wp-content\/uploads\/2022\/05\/nachhaltigkeit-scaled.jpg","contentUrl":"https:\/\/tissi.de\/wp-content\/uploads\/2022\/05\/nachhaltigkeit-scaled.jpg","width":2560,"height":1707,"caption":"Person holding a small green moss sphere, symbolizing eco-friendliness and sustainability. Nachhaltigkeit."},{"@type":"BreadcrumbList","@id":"https:\/\/tissi.de\/sv\/haallbarhet\/#breadcrumb","itemListElement":[{"@type":"ListItem","position":1,"name":"Startseite","item":"https:\/\/tissi.de\/sv\/hem\/"},{"@type":"ListItem","position":2,"name":"H\u00e5llbarhet"}]},{"@type":"WebSite","@id":"https:\/\/tissi.de\/sv\/#website","url":"https:\/\/tissi.de\/sv\/","name":"tiSsi\u00ae","description":"Familie beginnt mit uns! Lernturm, Hochstuhl, Kinderm\u00f6bel, Laufgitter","publisher":{"@id":"https:\/\/tissi.de\/sv\/#organization"},"potentialAction":[{"@type":"SearchAction","target":{"@type":"EntryPoint","urlTemplate":"https:\/\/tissi.de\/sv\/?s={search_term_string}"},"query-input":{"@type":"PropertyValueSpecification","valueRequired":true,"valueName":"search_term_string"}}],"inLanguage":"sv-SE"},{"@type":"Organization","@id":"https:\/\/tissi.de\/sv\/#organization","name":"M.J. Oster GmbH","url":"https:\/\/tissi.de\/sv\/","logo":{"@type":"ImageObject","inLanguage":"sv-SE","@id":"https:\/\/tissi.de\/sv\/#\/schema\/logo\/image\/","url":"https:\/\/tissi.de\/wp-content\/uploads\/2022\/04\/tissi-logo.webp","contentUrl":"https:\/\/tissi.de\/wp-content\/uploads\/2022\/04\/tissi-logo.webp","width":300,"height":173,"caption":"M.J. Oster GmbH"},"image":{"@id":"https:\/\/tissi.de\/sv\/#\/schema\/logo\/image\/"},"sameAs":["https:\/\/de-de.facebook.com\/tiSsikids\/","https:\/\/www.instagram.com\/tissi_kids\/"]},{"@type":"Person","@id":"https:\/\/tissi.de\/sv\/#\/schema\/person\/feffc4b83794a4ccd019ed8588960f8d","name":"Redaktion TISSI","image":{"@type":"ImageObject","inLanguage":"sv-SE","@id":"https:\/\/secure.gravatar.com\/avatar\/c0c9282fd92a029eab2387c323adf137b95b7afdc0da332c8bee128bbb45853d?s=96&d=mm&r=g","url":"https:\/\/secure.gravatar.com\/avatar\/c0c9282fd92a029eab2387c323adf137b95b7afdc0da332c8bee128bbb45853d?s=96&d=mm&r=g","contentUrl":"https:\/\/secure.gravatar.com\/avatar\/c0c9282fd92a029eab2387c323adf137b95b7afdc0da332c8bee128bbb45853d?s=96&d=mm&r=g","caption":"Redaktion TISSI"},"url":"https:\/\/tissi.de\/sv\/author\/dawost-red\/"}]}},"jetpack_sharing_enabled":true,"jetpack_featured_media_url":"https:\/\/tissi.de\/wp-content\/uploads\/2022\/05\/nachhaltigkeit-scaled.jpg","_links":{"self":[{"href":"https:\/\/tissi.de\/sv\/wp-json\/wp\/v2\/posts\/59990","targetHints":{"allow":["GET"]}}],"collection":[{"href":"https:\/\/tissi.de\/sv\/wp-json\/wp\/v2\/posts"}],"about":[{"href":"https:\/\/tissi.de\/sv\/wp-json\/wp\/v2\/types\/post"}],"author":[{"embeddable":true,"href":"https:\/\/tissi.de\/sv\/wp-json\/wp\/v2\/users\/2"}],"replies":[{"embeddable":true,"href":"https:\/\/tissi.de\/sv\/wp-json\/wp\/v2\/comments?post=59990"}],"version-history":[{"count":2,"href":"https:\/\/tissi.de\/sv\/wp-json\/wp\/v2\/posts\/59990\/revisions"}],"predecessor-version":[{"id":59993,"href":"https:\/\/tissi.de\/sv\/wp-json\/wp\/v2\/posts\/59990\/revisions\/59993"}],"wp:featuredmedia":[{"embeddable":true,"href":"https:\/\/tissi.de\/sv\/wp-json\/wp\/v2\/media\/2770"}],"wp:attachment":[{"href":"https:\/\/tissi.de\/sv\/wp-json\/wp\/v2\/media?parent=59990"}],"wp:term":[{"taxonomy":"category","embeddable":true,"href":"https:\/\/tissi.de\/sv\/wp-json\/wp\/v2\/categories?post=59990"},{"taxonomy":"post_tag","embeddable":true,"href":"https:\/\/tissi.de\/sv\/wp-json\/wp\/v2\/tags?post=59990"}],"curies":[{"name":"wp","href":"https:\/\/api.w.org\/{rel}","templated":true}]}}