{"id":60015,"date":"2024-12-10T06:00:42","date_gmt":"2024-12-10T05:00:42","guid":{"rendered":"https:\/\/tissi.de\/att-baka-kakor-tillsammans-under-julen\/"},"modified":"2026-08-24T11:27:04","modified_gmt":"2026-08-24T09:27:04","slug":"att-baka-kakor-tillsammans-under-julen","status":"publish","type":"post","link":"https:\/\/tissi.de\/sv\/att-baka-kakor-tillsammans-under-julen\/","title":{"rendered":"Att baka kakor tillsammans under julen"},"content":{"rendered":"<div class=\"wpb-content-wrapper\" id=\"wpb-content-root\"><p>[vc_row][vc_column]<\/p>\n<h2>Att baka kakor tillsammans under julen<\/h2>\n<p>[vc_column_text css=&#8221;&#8221;]<\/p>\n<p class=\"p1\">Jultiden \u00e4r magisk \u2013 s\u00e4rskilt f\u00f6r barn. Ljusslingorna glittrar, det doftar av kanel och vanilj, och k\u00f6ket blir centrum f\u00f6r familjelivet. N\u00e4r man bakar kakor vill de sm\u00e5 naturligtvis vara med och hj\u00e4lpa till. H\u00e4r kommer inl\u00e4rningstornet in i bilden! Med det kan barnen p\u00e5 ett s\u00e4kert s\u00e4tt delta i bakningen p\u00e5 samma h\u00f6jd som de vuxna och ta sina f\u00f6rsta steg som sm\u00e5 bagare.    <\/p>\n<p class=\"p3\"><b>Varf\u00f6r en inl\u00e4rningstorn \u00e4r oumb\u00e4rlig under julen<\/b><b><\/b><\/p>\n<p class=\"p1\">Ett l\u00e4rningstorn lyfter barnen s\u00e4kert upp till b\u00e4nkskivans h\u00f6jd och g\u00f6r det m\u00f6jligt f\u00f6r dem att aktivt delta i kakbaket. Fr\u00e5n att kavla ut degen till att dekorera kakorna \u2013 med l\u00e4rningstornet blir barnen riktiga k\u00f6kshj\u00e4lpredor. Det s\u00e4kra fotf\u00e4stet och den stabila konstruktionen, som tiSsi\u00ae-l\u00e4rtornen \u201dFELIX\u201d erbjuder, ser till att de sm\u00e5 kan r\u00f6ra sig fritt utan att f\u00f6r\u00e4ldrarna hela tiden beh\u00f6ver oroa sig f\u00f6r att de ska ramla.  <\/p>\n<p class=\"p1\">Samtidigt fr\u00e4mjar arbetet i k\u00f6ket barnens motoriska f\u00e4rdigheter, sj\u00e4lvst\u00e4ndighet och sj\u00e4lvf\u00f6rtroende. De f\u00e5r uppleva hur enkla ingredienser f\u00f6rvandlas till sm\u00e5 l\u00e4ckerheter och kan samtidigt sl\u00e4ppa loss sin kreativitet. <\/p>\n<p class=\"p1\">\n<p class=\"p3\"><b>Ett enkelt recept p\u00e5 julkakor<\/b><b><\/b><\/p>\n<p class=\"p1\">H\u00e4r \u00e4r ett enkelt recept som garanterat f\u00e5r barnens \u00f6gon att lysa:<\/p>\n<p class=\"p4\"><b>Ingredienser:<\/b><b><\/b><\/p>\n<p class=\"p5\"><span class=\"Apple-tab-span\"> <\/span>\u2022<span class=\"Apple-tab-span\"> <\/span>250 g mj\u00f6l<\/p>\n<p class=\"p5\"><span class=\"Apple-tab-span\"> <\/span>\u2022<span class=\"Apple-tab-span\"> <\/span>125 g kallt sm\u00f6r (skuret i bitar)<\/p>\n<p class=\"p5\"><span class=\"Apple-tab-span\"> <\/span>\u2022<span class=\"Apple-tab-span\"> <\/span>100 g socker<\/p>\n<p class=\"p5\"><span class=\"Apple-tab-span\"> <\/span>\u2022<span class=\"Apple-tab-span\"> <\/span>1 \u00e4gg<\/p>\n<p class=\"p5\"><span class=\"Apple-tab-span\"> <\/span>\u2022<span class=\"Apple-tab-span\"> <\/span>1 p\u00e5se vaniljsocker<\/p>\n<p class=\"p5\"><span class=\"Apple-tab-span\"> <\/span>\u2022<span class=\"Apple-tab-span\"> <\/span>En nypa salt<\/p>\n<p class=\"p5\"><span class=\"Apple-tab-span\"> <\/span>\u2022<span class=\"Apple-tab-span\"> <\/span>Sockerstr\u00f6ssel eller glasyr till dekoration<\/p>\n<p class=\"p4\"><b>Tillagning:<\/b><b><\/b><\/p>\n<p class=\"p6\"><span class=\"Apple-tab-span\"> <\/span>1.<span class=\"Apple-tab-span\"> <\/span><b>G\u00f6r degen<\/b>: Blanda mj\u00f6l, socker, vaniljsocker, salt, sm\u00f6r och \u00e4gg i en sk\u00e5l och kn\u00e5da med h\u00e4nderna eller en mixer till en sl\u00e4t deg. Linda in degen i plastfolie och l\u00e5t den vila i kylsk\u00e5pet i cirka 30 minuter. <\/p>\n<p class=\"p6\"><span class=\"Apple-tab-span\"> <\/span>2.<span class=\"Apple-tab-span\"> <\/span><b>Kavla ut och stansa ut<\/b>: Kavla ut degen p\u00e5 en mj\u00f6lad arbetsyta till en tjocklek p\u00e5 cirka 5 mm. Stansa ut stj\u00e4rnor, hj\u00e4rtan eller granar med julformar. <\/p>\n<p class=\"p6\"><span class=\"Apple-tab-span\"> <\/span>3.<span class=\"Apple-tab-span\"> <\/span><b>Gr\u00e4dda<\/b>: L\u00e4gg kakorna p\u00e5 en pl\u00e5t kl\u00e4dd med bakpl\u00e5tspapper och gr\u00e4dda dem vid 180 \u00b0C (\u00f6ver-\/underv\u00e4rme) i ca 8\u201310 minuter tills de \u00e4r gyllengula.<\/p>\n<p class=\"p6\"><span class=\"Apple-tab-span\"> <\/span>4.<span class=\"Apple-tab-span\"> <\/span><b>Dekorera<\/b>: N\u00e4r kakorna har svalnat kan de m\u00e5las med glasyr eller dekoreras med str\u00f6ssel efter behag.<\/p>\n<p class=\"p2\">\n<p class=\"p3\"><b>Mer \u00e4n bara bakning: Skapa gemensamma upplevelser<\/b><b><\/b><\/p>\n<p class=\"p1\">Med ett l\u00e4rotorn blir kakbakningen en riktig familjeupplevelse. Barnen \u00e4lskar att vara med, smaka p\u00e5 kakorna och beundra sina alster. Samtidigt kan f\u00f6r\u00e4ldrarna vara s\u00e4kra p\u00e5 att de sm\u00e5 har en stabil och skyddad plats i k\u00f6ket.  <\/p>\n<p class=\"p1\">Med ett tiSsi\u00ae-inl\u00e4rningstorn ger du ditt barn under julen inte bara trygghet, utan ocks\u00e5 of\u00f6rgl\u00f6mliga stunder som berikar familjelivet.<\/p>\n<p class=\"p1\">S\u00e5: Ta p\u00e5 er f\u00f6rkl\u00e4dena, st\u00e4ll fram bakredskapen och l\u00e5t oss tillsammans dyka in i den magiska julv\u00e4rlden! ???? <\/p>\n<p>[\/vc_column_text][\/vc_column][\/vc_row]<\/p>\n<\/div>","protected":false},"excerpt":{"rendered":"<p>[vc_row][vc_column] Att baka kakor tillsammans under julen [vc_column_text css=&#8221;&#8221;] Jultiden \u00e4r magisk \u2013 s\u00e4rskilt f\u00f6r barn. Ljusslingorna glittrar, det doftar av kanel och vanilj, och k\u00f6ket blir centrum f\u00f6r familjelivet. N\u00e4r man bakar kakor vill de sm\u00e5 naturligtvis vara med och hj\u00e4lpa till. H\u00e4r kommer inl\u00e4rningstornet in i bilden! Med det kan barnen p\u00e5 ett [&hellip;]<\/p>\n","protected":false},"author":155,"featured_media":7066,"comment_status":"closed","ping_status":"closed","sticky":false,"template":"","format":"standard","meta":{"_acf_changed":false,"inline_featured_image":false,"_jetpack_newsletter_access":"","_jetpack_dont_email_post_to_subs":false,"_jetpack_newsletter_tier_id":0,"_jetpack_memberships_contains_paywalled_content":false,"_jetpack_feature_clip_id":0,"_jetpack_memberships_contains_paid_content":false,"footnotes":"","jetpack_post_was_ever_published":false},"categories":[718],"tags":[],"class_list":["post-60015","post","type-post","status-publish","format-standard","has-post-thumbnail","hentry","category-okategoriserad"],"acf":[],"yoast_head":"<!-- This site is optimized with the Yoast SEO plugin v28.3 - https:\/\/yoast.com\/product\/yoast-seo-wordpress\/ -->\n<title>Att baka kakor tillsammans under julen - tiSsi\u00ae<\/title>\n<meta name=\"robots\" content=\"index, follow, max-snippet:-1, max-image-preview:large, max-video-preview:-1\" \/>\n<link rel=\"canonical\" href=\"https:\/\/tissi.de\/sv\/att-baka-kakor-tillsammans-under-julen\/\" \/>\n<meta property=\"og:locale\" content=\"sv_SE\" \/>\n<meta property=\"og:type\" content=\"article\" \/>\n<meta property=\"og:title\" content=\"Att baka kakor tillsammans under julen - tiSsi\u00ae\" \/>\n<meta property=\"og:description\" content=\"[vc_row][vc_column] Att baka kakor tillsammans under julen [vc_column_text css=&#8221;&#8221;] Jultiden \u00e4r magisk \u2013 s\u00e4rskilt f\u00f6r barn. Ljusslingorna glittrar, det doftar av kanel och vanilj, och k\u00f6ket blir centrum f\u00f6r familjelivet. N\u00e4r man bakar kakor vill de sm\u00e5 naturligtvis vara med och hj\u00e4lpa till. H\u00e4r kommer inl\u00e4rningstornet in i bilden! Med det kan barnen p\u00e5 ett [&hellip;]\" \/>\n<meta property=\"og:url\" content=\"https:\/\/tissi.de\/sv\/att-baka-kakor-tillsammans-under-julen\/\" \/>\n<meta property=\"og:site_name\" content=\"tiSsi\u00ae\" \/>\n<meta property=\"article:publisher\" content=\"https:\/\/de-de.facebook.com\/tiSsikids\/\" \/>\n<meta property=\"article:published_time\" content=\"2024-12-10T05:00:42+00:00\" \/>\n<meta property=\"article:modified_time\" content=\"2026-08-24T09:27:04+00:00\" \/>\n<meta property=\"og:image\" content=\"https:\/\/tissi.de\/wp-content\/uploads\/2024\/12\/lernturm-kueche-backen.jpg\" \/>\n\t<meta property=\"og:image:width\" content=\"1080\" \/>\n\t<meta property=\"og:image:height\" content=\"1350\" \/>\n\t<meta property=\"og:image:type\" content=\"image\/jpeg\" \/>\n<meta name=\"author\" content=\"Michael Zschische\" \/>\n<meta name=\"twitter:card\" content=\"summary_large_image\" \/>\n<meta name=\"twitter:label1\" content=\"Skriven av\" \/>\n\t<meta name=\"twitter:data1\" content=\"Michael Zschische\" \/>\n\t<meta name=\"twitter:label2\" content=\"Ber\u00e4knad l\u00e4stid\" \/>\n\t<meta name=\"twitter:data2\" content=\"3 minuter\" \/>\n<script type=\"application\/ld+json\" class=\"yoast-schema-graph\">{\"@context\":\"https:\\\/\\\/schema.org\",\"@graph\":[{\"@type\":\"Article\",\"@id\":\"https:\\\/\\\/tissi.de\\\/sv\\\/att-baka-kakor-tillsammans-under-julen\\\/#article\",\"isPartOf\":{\"@id\":\"https:\\\/\\\/tissi.de\\\/sv\\\/att-baka-kakor-tillsammans-under-julen\\\/\"},\"author\":{\"name\":\"Michael Zschische\",\"@id\":\"https:\\\/\\\/tissi.de\\\/sv\\\/#\\\/schema\\\/person\\\/73ec827968169076ba2089ff07f536fe\"},\"headline\":\"Att baka kakor tillsammans under julen\",\"datePublished\":\"2024-12-10T05:00:42+00:00\",\"dateModified\":\"2026-08-24T09:27:04+00:00\",\"mainEntityOfPage\":{\"@id\":\"https:\\\/\\\/tissi.de\\\/sv\\\/att-baka-kakor-tillsammans-under-julen\\\/\"},\"wordCount\":506,\"publisher\":{\"@id\":\"https:\\\/\\\/tissi.de\\\/sv\\\/#organization\"},\"image\":{\"@id\":\"https:\\\/\\\/tissi.de\\\/sv\\\/att-baka-kakor-tillsammans-under-julen\\\/#primaryimage\"},\"thumbnailUrl\":\"https:\\\/\\\/tissi.de\\\/wp-content\\\/uploads\\\/2024\\\/12\\\/lernturm-kueche-backen.jpg\",\"articleSection\":[\"Okategoriserad\"],\"inLanguage\":\"sv-SE\"},{\"@type\":\"WebPage\",\"@id\":\"https:\\\/\\\/tissi.de\\\/sv\\\/att-baka-kakor-tillsammans-under-julen\\\/\",\"url\":\"https:\\\/\\\/tissi.de\\\/sv\\\/att-baka-kakor-tillsammans-under-julen\\\/\",\"name\":\"Att baka kakor tillsammans under julen - tiSsi\u00ae\",\"isPartOf\":{\"@id\":\"https:\\\/\\\/tissi.de\\\/sv\\\/#website\"},\"primaryImageOfPage\":{\"@id\":\"https:\\\/\\\/tissi.de\\\/sv\\\/att-baka-kakor-tillsammans-under-julen\\\/#primaryimage\"},\"image\":{\"@id\":\"https:\\\/\\\/tissi.de\\\/sv\\\/att-baka-kakor-tillsammans-under-julen\\\/#primaryimage\"},\"thumbnailUrl\":\"https:\\\/\\\/tissi.de\\\/wp-content\\\/uploads\\\/2024\\\/12\\\/lernturm-kueche-backen.jpg\",\"datePublished\":\"2024-12-10T05:00:42+00:00\",\"dateModified\":\"2026-08-24T09:27:04+00:00\",\"breadcrumb\":{\"@id\":\"https:\\\/\\\/tissi.de\\\/sv\\\/att-baka-kakor-tillsammans-under-julen\\\/#breadcrumb\"},\"inLanguage\":\"sv-SE\",\"potentialAction\":[{\"@type\":\"ReadAction\",\"target\":[\"https:\\\/\\\/tissi.de\\\/sv\\\/att-baka-kakor-tillsammans-under-julen\\\/\"]}]},{\"@type\":\"ImageObject\",\"inLanguage\":\"sv-SE\",\"@id\":\"https:\\\/\\\/tissi.de\\\/sv\\\/att-baka-kakor-tillsammans-under-julen\\\/#primaryimage\",\"url\":\"https:\\\/\\\/tissi.de\\\/wp-content\\\/uploads\\\/2024\\\/12\\\/lernturm-kueche-backen.jpg\",\"contentUrl\":\"https:\\\/\\\/tissi.de\\\/wp-content\\\/uploads\\\/2024\\\/12\\\/lernturm-kueche-backen.jpg\",\"width\":1080,\"height\":1350,\"caption\":\"Young child reaching for a toy car on a table with kitchen items.\"},{\"@type\":\"BreadcrumbList\",\"@id\":\"https:\\\/\\\/tissi.de\\\/sv\\\/att-baka-kakor-tillsammans-under-julen\\\/#breadcrumb\",\"itemListElement\":[{\"@type\":\"ListItem\",\"position\":1,\"name\":\"Startseite\",\"item\":\"https:\\\/\\\/tissi.de\\\/sv\\\/hem\\\/\"},{\"@type\":\"ListItem\",\"position\":2,\"name\":\"Att baka kakor tillsammans under julen\"}]},{\"@type\":\"WebSite\",\"@id\":\"https:\\\/\\\/tissi.de\\\/sv\\\/#website\",\"url\":\"https:\\\/\\\/tissi.de\\\/sv\\\/\",\"name\":\"tiSsi\u00ae\",\"description\":\"Familie beginnt mit uns! Lernturm, Hochstuhl, Kinderm\u00f6bel, Laufgitter\",\"publisher\":{\"@id\":\"https:\\\/\\\/tissi.de\\\/sv\\\/#organization\"},\"potentialAction\":[{\"@type\":\"SearchAction\",\"target\":{\"@type\":\"EntryPoint\",\"urlTemplate\":\"https:\\\/\\\/tissi.de\\\/sv\\\/?s={search_term_string}\"},\"query-input\":{\"@type\":\"PropertyValueSpecification\",\"valueRequired\":true,\"valueName\":\"search_term_string\"}}],\"inLanguage\":\"sv-SE\"},{\"@type\":\"Organization\",\"@id\":\"https:\\\/\\\/tissi.de\\\/sv\\\/#organization\",\"name\":\"M.J. Oster GmbH\",\"url\":\"https:\\\/\\\/tissi.de\\\/sv\\\/\",\"logo\":{\"@type\":\"ImageObject\",\"inLanguage\":\"sv-SE\",\"@id\":\"https:\\\/\\\/tissi.de\\\/sv\\\/#\\\/schema\\\/logo\\\/image\\\/\",\"url\":\"https:\\\/\\\/tissi.de\\\/wp-content\\\/uploads\\\/2022\\\/04\\\/tissi-logo.webp\",\"contentUrl\":\"https:\\\/\\\/tissi.de\\\/wp-content\\\/uploads\\\/2022\\\/04\\\/tissi-logo.webp\",\"width\":300,\"height\":173,\"caption\":\"M.J. Oster GmbH\"},\"image\":{\"@id\":\"https:\\\/\\\/tissi.de\\\/sv\\\/#\\\/schema\\\/logo\\\/image\\\/\"},\"sameAs\":[\"https:\\\/\\\/de-de.facebook.com\\\/tiSsikids\\\/\",\"https:\\\/\\\/www.instagram.com\\\/tissi_kids\\\/\"]},{\"@type\":\"Person\",\"@id\":\"https:\\\/\\\/tissi.de\\\/sv\\\/#\\\/schema\\\/person\\\/73ec827968169076ba2089ff07f536fe\",\"name\":\"Michael Zschische\",\"image\":{\"@type\":\"ImageObject\",\"inLanguage\":\"sv-SE\",\"@id\":\"https:\\\/\\\/secure.gravatar.com\\\/avatar\\\/4325677e1eafd40541e30b2173bb41d8df3d26ba55e6c228588bc3055b4d6f5d?s=96&d=mm&r=g\",\"url\":\"https:\\\/\\\/secure.gravatar.com\\\/avatar\\\/4325677e1eafd40541e30b2173bb41d8df3d26ba55e6c228588bc3055b4d6f5d?s=96&d=mm&r=g\",\"contentUrl\":\"https:\\\/\\\/secure.gravatar.com\\\/avatar\\\/4325677e1eafd40541e30b2173bb41d8df3d26ba55e6c228588bc3055b4d6f5d?s=96&d=mm&r=g\",\"caption\":\"Michael Zschische\"},\"url\":\"https:\\\/\\\/tissi.de\\\/sv\\\/author\\\/zschiescheklimekschneider-com\\\/\"}]}<\/script>\n<!-- \/ Yoast SEO plugin. -->","yoast_head_json":{"title":"Att baka kakor tillsammans under julen - tiSsi\u00ae","robots":{"index":"index","follow":"follow","max-snippet":"max-snippet:-1","max-image-preview":"max-image-preview:large","max-video-preview":"max-video-preview:-1"},"canonical":"https:\/\/tissi.de\/sv\/att-baka-kakor-tillsammans-under-julen\/","og_locale":"sv_SE","og_type":"article","og_title":"Att baka kakor tillsammans under julen - tiSsi\u00ae","og_description":"[vc_row][vc_column] Att baka kakor tillsammans under julen [vc_column_text css=&#8221;&#8221;] Jultiden \u00e4r magisk \u2013 s\u00e4rskilt f\u00f6r barn. Ljusslingorna glittrar, det doftar av kanel och vanilj, och k\u00f6ket blir centrum f\u00f6r familjelivet. N\u00e4r man bakar kakor vill de sm\u00e5 naturligtvis vara med och hj\u00e4lpa till. H\u00e4r kommer inl\u00e4rningstornet in i bilden! Med det kan barnen p\u00e5 ett [&hellip;]","og_url":"https:\/\/tissi.de\/sv\/att-baka-kakor-tillsammans-under-julen\/","og_site_name":"tiSsi\u00ae","article_publisher":"https:\/\/de-de.facebook.com\/tiSsikids\/","article_published_time":"2024-12-10T05:00:42+00:00","article_modified_time":"2026-08-24T09:27:04+00:00","og_image":[{"width":1080,"height":1350,"url":"https:\/\/tissi.de\/wp-content\/uploads\/2024\/12\/lernturm-kueche-backen.jpg","type":"image\/jpeg"}],"author":"Michael Zschische","twitter_card":"summary_large_image","twitter_misc":{"Skriven av":"Michael Zschische","Ber\u00e4knad l\u00e4stid":"3 minuter"},"schema":{"@context":"https:\/\/schema.org","@graph":[{"@type":"Article","@id":"https:\/\/tissi.de\/sv\/att-baka-kakor-tillsammans-under-julen\/#article","isPartOf":{"@id":"https:\/\/tissi.de\/sv\/att-baka-kakor-tillsammans-under-julen\/"},"author":{"name":"Michael Zschische","@id":"https:\/\/tissi.de\/sv\/#\/schema\/person\/73ec827968169076ba2089ff07f536fe"},"headline":"Att baka kakor tillsammans under julen","datePublished":"2024-12-10T05:00:42+00:00","dateModified":"2026-08-24T09:27:04+00:00","mainEntityOfPage":{"@id":"https:\/\/tissi.de\/sv\/att-baka-kakor-tillsammans-under-julen\/"},"wordCount":506,"publisher":{"@id":"https:\/\/tissi.de\/sv\/#organization"},"image":{"@id":"https:\/\/tissi.de\/sv\/att-baka-kakor-tillsammans-under-julen\/#primaryimage"},"thumbnailUrl":"https:\/\/tissi.de\/wp-content\/uploads\/2024\/12\/lernturm-kueche-backen.jpg","articleSection":["Okategoriserad"],"inLanguage":"sv-SE"},{"@type":"WebPage","@id":"https:\/\/tissi.de\/sv\/att-baka-kakor-tillsammans-under-julen\/","url":"https:\/\/tissi.de\/sv\/att-baka-kakor-tillsammans-under-julen\/","name":"Att baka kakor tillsammans under julen - tiSsi\u00ae","isPartOf":{"@id":"https:\/\/tissi.de\/sv\/#website"},"primaryImageOfPage":{"@id":"https:\/\/tissi.de\/sv\/att-baka-kakor-tillsammans-under-julen\/#primaryimage"},"image":{"@id":"https:\/\/tissi.de\/sv\/att-baka-kakor-tillsammans-under-julen\/#primaryimage"},"thumbnailUrl":"https:\/\/tissi.de\/wp-content\/uploads\/2024\/12\/lernturm-kueche-backen.jpg","datePublished":"2024-12-10T05:00:42+00:00","dateModified":"2026-08-24T09:27:04+00:00","breadcrumb":{"@id":"https:\/\/tissi.de\/sv\/att-baka-kakor-tillsammans-under-julen\/#breadcrumb"},"inLanguage":"sv-SE","potentialAction":[{"@type":"ReadAction","target":["https:\/\/tissi.de\/sv\/att-baka-kakor-tillsammans-under-julen\/"]}]},{"@type":"ImageObject","inLanguage":"sv-SE","@id":"https:\/\/tissi.de\/sv\/att-baka-kakor-tillsammans-under-julen\/#primaryimage","url":"https:\/\/tissi.de\/wp-content\/uploads\/2024\/12\/lernturm-kueche-backen.jpg","contentUrl":"https:\/\/tissi.de\/wp-content\/uploads\/2024\/12\/lernturm-kueche-backen.jpg","width":1080,"height":1350,"caption":"Young child reaching for a toy car on a table with kitchen items."},{"@type":"BreadcrumbList","@id":"https:\/\/tissi.de\/sv\/att-baka-kakor-tillsammans-under-julen\/#breadcrumb","itemListElement":[{"@type":"ListItem","position":1,"name":"Startseite","item":"https:\/\/tissi.de\/sv\/hem\/"},{"@type":"ListItem","position":2,"name":"Att baka kakor tillsammans under julen"}]},{"@type":"WebSite","@id":"https:\/\/tissi.de\/sv\/#website","url":"https:\/\/tissi.de\/sv\/","name":"tiSsi\u00ae","description":"Familie beginnt mit uns! Lernturm, Hochstuhl, Kinderm\u00f6bel, Laufgitter","publisher":{"@id":"https:\/\/tissi.de\/sv\/#organization"},"potentialAction":[{"@type":"SearchAction","target":{"@type":"EntryPoint","urlTemplate":"https:\/\/tissi.de\/sv\/?s={search_term_string}"},"query-input":{"@type":"PropertyValueSpecification","valueRequired":true,"valueName":"search_term_string"}}],"inLanguage":"sv-SE"},{"@type":"Organization","@id":"https:\/\/tissi.de\/sv\/#organization","name":"M.J. Oster GmbH","url":"https:\/\/tissi.de\/sv\/","logo":{"@type":"ImageObject","inLanguage":"sv-SE","@id":"https:\/\/tissi.de\/sv\/#\/schema\/logo\/image\/","url":"https:\/\/tissi.de\/wp-content\/uploads\/2022\/04\/tissi-logo.webp","contentUrl":"https:\/\/tissi.de\/wp-content\/uploads\/2022\/04\/tissi-logo.webp","width":300,"height":173,"caption":"M.J. Oster GmbH"},"image":{"@id":"https:\/\/tissi.de\/sv\/#\/schema\/logo\/image\/"},"sameAs":["https:\/\/de-de.facebook.com\/tiSsikids\/","https:\/\/www.instagram.com\/tissi_kids\/"]},{"@type":"Person","@id":"https:\/\/tissi.de\/sv\/#\/schema\/person\/73ec827968169076ba2089ff07f536fe","name":"Michael Zschische","image":{"@type":"ImageObject","inLanguage":"sv-SE","@id":"https:\/\/secure.gravatar.com\/avatar\/4325677e1eafd40541e30b2173bb41d8df3d26ba55e6c228588bc3055b4d6f5d?s=96&d=mm&r=g","url":"https:\/\/secure.gravatar.com\/avatar\/4325677e1eafd40541e30b2173bb41d8df3d26ba55e6c228588bc3055b4d6f5d?s=96&d=mm&r=g","contentUrl":"https:\/\/secure.gravatar.com\/avatar\/4325677e1eafd40541e30b2173bb41d8df3d26ba55e6c228588bc3055b4d6f5d?s=96&d=mm&r=g","caption":"Michael Zschische"},"url":"https:\/\/tissi.de\/sv\/author\/zschiescheklimekschneider-com\/"}]}},"jetpack_sharing_enabled":true,"jetpack_featured_media_url":"https:\/\/tissi.de\/wp-content\/uploads\/2024\/12\/lernturm-kueche-backen.jpg","_links":{"self":[{"href":"https:\/\/tissi.de\/sv\/wp-json\/wp\/v2\/posts\/60015","targetHints":{"allow":["GET"]}}],"collection":[{"href":"https:\/\/tissi.de\/sv\/wp-json\/wp\/v2\/posts"}],"about":[{"href":"https:\/\/tissi.de\/sv\/wp-json\/wp\/v2\/types\/post"}],"author":[{"embeddable":true,"href":"https:\/\/tissi.de\/sv\/wp-json\/wp\/v2\/users\/155"}],"replies":[{"embeddable":true,"href":"https:\/\/tissi.de\/sv\/wp-json\/wp\/v2\/comments?post=60015"}],"version-history":[{"count":2,"href":"https:\/\/tissi.de\/sv\/wp-json\/wp\/v2\/posts\/60015\/revisions"}],"predecessor-version":[{"id":60018,"href":"https:\/\/tissi.de\/sv\/wp-json\/wp\/v2\/posts\/60015\/revisions\/60018"}],"wp:featuredmedia":[{"embeddable":true,"href":"https:\/\/tissi.de\/sv\/wp-json\/wp\/v2\/media\/7066"}],"wp:attachment":[{"href":"https:\/\/tissi.de\/sv\/wp-json\/wp\/v2\/media?parent=60015"}],"wp:term":[{"taxonomy":"category","embeddable":true,"href":"https:\/\/tissi.de\/sv\/wp-json\/wp\/v2\/categories?post=60015"},{"taxonomy":"post_tag","embeddable":true,"href":"https:\/\/tissi.de\/sv\/wp-json\/wp\/v2\/tags?post=60015"}],"curies":[{"name":"wp","href":"https:\/\/api.w.org\/{rel}","templated":true}]}}