{"id":60023,"date":"2024-11-19T08:00:16","date_gmt":"2024-11-19T07:00:16","guid":{"rendered":"https:\/\/tissi.de\/tissi-saengen-jori-den-perfekta-sovloesningen-foer-naer-barnen-besoeker-mormor-och-morfar\/"},"modified":"2026-08-24T11:27:08","modified_gmt":"2026-08-24T09:27:08","slug":"tissi-saengen-jori-den-perfekta-sovloesningen-foer-naer-barnen-besoeker-mormor-och-morfar","status":"publish","type":"post","link":"https:\/\/tissi.de\/sv\/tissi-saengen-jori-den-perfekta-sovloesningen-foer-naer-barnen-besoeker-mormor-och-morfar\/","title":{"rendered":"tiSsi\u00ae-s\u00e4ngen \u201dJORI\u201d: Den perfekta sovl\u00f6sningen f\u00f6r n\u00e4r barnen bes\u00f6ker mormor och morfar"},"content":{"rendered":"<div class=\"wpb-content-wrapper\" id=\"wpb-content-root\"><p>[vc_row][vc_column]<\/p>\n<h2>tiSsi\u00ae-s\u00e4ngen \u201dJORI\u201d: Den perfekta sovl\u00f6sningen f\u00f6r \u00f6vernattningar hos mormor och morfar<\/h2>\n<p>[vc_column_text css=&#8221;&#8221;]<\/p>\n<p>N\u00e4r barnen sover \u00f6ver hos mormor och morfar vill mor- och farf\u00f6r\u00e4ldrarna se till att de har en mysig och s\u00e4ker sovplats. S\u00e4ngen \u201dJORI\u201d fr\u00e5n tiSsi\u00ae \u00e4r speciellt framtagen f\u00f6r just s\u00e5dana behov och erbjuder en bekv\u00e4m, s\u00e4ker och flexibel l\u00f6sning f\u00f6r familjebes\u00f6k. Men vad \u00e4r det som g\u00f6r \u201dJORI\u201d s\u00e5 perfekt f\u00f6r anv\u00e4ndning hos mormor och morfar? H\u00e4r \u00e4r de viktigaste sk\u00e4len.   <\/p>\n<h3>Snabb montering och enkel hantering<\/h3>\n<p>S\u00e4ngen \u201dJORI\u201d utm\u00e4rker sig genom att den \u00e4r s\u00e4rskilt enkel att hantera \u2013 perfekt f\u00f6r mor- och farf\u00f6r\u00e4ldrar som inte vill montera och demontera barns\u00e4ngar regelbundet. Den g\u00e5r att montera med bara n\u00e5gra f\u00e5 handgrepp, utan att verktyg beh\u00f6vs. P\u00e5 nolltid har man d\u00e4rmed en mysig sovplats klar, som lika snabbt kan f\u00e4llas ihop och f\u00f6rvaras platssparande n\u00e4r den inte beh\u00f6vs.  <\/p>\n<h3>Kompakt storlek och mobilitet<\/h3>\n<p>\u201dJORI\u201d \u00e4r inte bara l\u00e4tt att s\u00e4tta upp och ta ner, utan har ocks\u00e5 en s\u00e4rskilt kompakt design. Med en liggyta p\u00e5 60 x 120 cm erbjuder den tillr\u00e4ckligt med utrymme f\u00f6r en vilsam s\u00f6mn utan att ta upp mycket plats i rummet. Tack vare de inbyggda parkettrollerna med l\u00e5sbroms kan s\u00e4ngen n\u00e4r som helst skjutas s\u00e4kert till en annan plats, vare sig det \u00e4r till vardagsrummet, sovrummet eller till och med till vintertr\u00e4dg\u00e5rden.  <\/p>\n<h3>Stabil och s\u00e4ker f\u00f6r en lugn s\u00f6mn<\/h3>\n<p>M\u00e5nga mor- och farf\u00f6r\u00e4ldrar l\u00e4gger stor vikt vid sina barnbarns s\u00e4kerhet. S\u00e4ngen \u201dJORI\u201d \u00e4r tillverkad av massivt boktr\u00e4 och \u00e4r d\u00e4rf\u00f6r s\u00e4rskilt stabil och h\u00e5llbar. Den har tre avtagbara stegpinnar, vilket g\u00f6r att \u00e4ven st\u00f6rre barn kan kliva i och ur s\u00e4ngen p\u00e5 egen hand. Tack vare den h\u00f6gkvalitativa tillverkningen och den testade v\u00e4ltningss\u00e4kerheten kan mormor och morfar k\u00e4nna sig trygga med att deras lilla g\u00e4st sover s\u00e4kert hela natten.   <\/p>\n<h3>H\u00e5llbarhet och kvalitet som \u00f6vertygar<\/h3>\n<p>S\u00e4ngen \u201dJORI\u201d tillverkas av h\u00e5llbarhetscertifierat tr\u00e4 och levereras med ett giftfritt bomulls\u00f6verdrag som skyddar madrassen och som kan tas av och tv\u00e4ttas vid behov. Varum\u00e4rket tiSsi\u00ae l\u00e4gger stor vikt vid milj\u00f6v\u00e4nliga material och h\u00e5llbar kvalitet, s\u00e5 att s\u00e4ngen kan anv\u00e4ndas under m\u00e5nga \u00e5r \u2013 ett verkligt plus f\u00f6r milj\u00f6medvetna mor- och farf\u00f6r\u00e4ldrar som v\u00e4rdes\u00e4tter h\u00f6gkvalitativa produkter. <\/p>\n<h3>Praktiskt f\u00f6r spontana \u00f6vernattningar och l\u00e4ngre bes\u00f6k<\/h3>\n<p>Eftersom s\u00e4ngen \u201dJORI\u201d g\u00e5r att s\u00e4tta upp och packa undan p\u00e5 nolltid passar den perfekt f\u00f6r spontana \u00f6vernattningar hos barnbarnen. Oavsett om bes\u00f6ket bara varar en natt eller flera dagar anpassar sig s\u00e4ngen flexibelt efter omst\u00e4ndigheterna. N\u00e4r barnbarnen sedan \u00e5ker hem igen kan s\u00e4ngen f\u00f6rvaras p\u00e5 ett utrymmesbesparande s\u00e4tt \u2013 och v\u00e4ntar p\u00e5 n\u00e4sta bes\u00f6k.  <\/p>\n<h3>Sammanfattning: \u201dJORI\u201d \u2013 en trogen f\u00f6ljeslagare f\u00f6r mor- och farf\u00f6r\u00e4ldrar och barnbarn<\/h3>\n<p>Med tiSsi\u00ae-s\u00e4ngen \u201dJORI\u201d \u00e4r mormor och morfar v\u00e4l f\u00f6rberedda f\u00f6r varje bes\u00f6k. Den erbjuder inte bara komfort och s\u00e4kerhet f\u00f6r de sm\u00e5, utan ocks\u00e5 enkel hantering och stor flexibilitet f\u00f6r mor- och farf\u00f6r\u00e4ldrarna. Tack vare sin kompakta storlek, den snabba monteringen och de rullbara hjulen \u00e4r \u201dJORI\u201d ett perfekt val f\u00f6r alla som vill erbjuda sina barnbarn en mysig sovplats utan att beh\u00f6va avst\u00e5 fr\u00e5n komfort och funktionalitet.  <\/p>\n<p>[\/vc_column_text][vc_single_image image=&#8221;60024&#8243; img_size=&#8221;post_img&#8221; add_caption=&#8221;yes&#8221; css=&#8221;&#8221;][\/vc_column][\/vc_row]<\/p>\n<\/div>","protected":false},"excerpt":{"rendered":"<p>[vc_row][vc_column] tiSsi\u00ae-s\u00e4ngen \u201dJORI\u201d: Den perfekta sovl\u00f6sningen f\u00f6r \u00f6vernattningar hos mormor och morfar [vc_column_text css=&#8221;&#8221;] N\u00e4r barnen sover \u00f6ver hos mormor och morfar vill mor- och farf\u00f6r\u00e4ldrarna se till att de har en mysig och s\u00e4ker sovplats. S\u00e4ngen \u201dJORI\u201d fr\u00e5n tiSsi\u00ae \u00e4r speciellt framtagen f\u00f6r just s\u00e5dana behov och erbjuder en bekv\u00e4m, s\u00e4ker och flexibel l\u00f6sning [&hellip;]<\/p>\n","protected":false},"author":155,"featured_media":6701,"comment_status":"closed","ping_status":"closed","sticky":false,"template":"","format":"standard","meta":{"_acf_changed":false,"inline_featured_image":false,"_jetpack_newsletter_access":"","_jetpack_dont_email_post_to_subs":false,"_jetpack_newsletter_tier_id":0,"_jetpack_memberships_contains_paywalled_content":false,"_jetpack_feature_clip_id":0,"_jetpack_memberships_contains_paid_content":false,"footnotes":"","jetpack_post_was_ever_published":false},"categories":[718],"tags":[],"class_list":["post-60023","post","type-post","status-publish","format-standard","has-post-thumbnail","hentry","category-okategoriserad"],"acf":[],"yoast_head":"<!-- This site is optimized with the Yoast SEO plugin v28.3 - https:\/\/yoast.com\/product\/yoast-seo-wordpress\/ -->\n<title>tiSsi\u00ae-s\u00e4ngen \u201dJORI\u201d: Den perfekta sovl\u00f6sningen f\u00f6r n\u00e4r barnen bes\u00f6ker mormor och morfar - tiSsi\u00ae<\/title>\n<meta name=\"robots\" content=\"index, follow, max-snippet:-1, max-image-preview:large, max-video-preview:-1\" \/>\n<link rel=\"canonical\" href=\"https:\/\/tissi.de\/sv\/tissi-saengen-jori-den-perfekta-sovloesningen-foer-naer-barnen-besoeker-mormor-och-morfar\/\" \/>\n<meta property=\"og:locale\" content=\"sv_SE\" \/>\n<meta property=\"og:type\" content=\"article\" \/>\n<meta property=\"og:title\" content=\"tiSsi\u00ae-s\u00e4ngen \u201dJORI\u201d: Den perfekta sovl\u00f6sningen f\u00f6r n\u00e4r barnen bes\u00f6ker mormor och morfar - tiSsi\u00ae\" \/>\n<meta property=\"og:description\" content=\"[vc_row][vc_column] tiSsi\u00ae-s\u00e4ngen \u201dJORI\u201d: Den perfekta sovl\u00f6sningen f\u00f6r \u00f6vernattningar hos mormor och morfar [vc_column_text css=&#8221;&#8221;] N\u00e4r barnen sover \u00f6ver hos mormor och morfar vill mor- och farf\u00f6r\u00e4ldrarna se till att de har en mysig och s\u00e4ker sovplats. S\u00e4ngen \u201dJORI\u201d fr\u00e5n tiSsi\u00ae \u00e4r speciellt framtagen f\u00f6r just s\u00e5dana behov och erbjuder en bekv\u00e4m, s\u00e4ker och flexibel l\u00f6sning [&hellip;]\" \/>\n<meta property=\"og:url\" content=\"https:\/\/tissi.de\/sv\/tissi-saengen-jori-den-perfekta-sovloesningen-foer-naer-barnen-besoeker-mormor-och-morfar\/\" \/>\n<meta property=\"og:site_name\" content=\"tiSsi\u00ae\" \/>\n<meta property=\"article:publisher\" content=\"https:\/\/de-de.facebook.com\/tiSsikids\/\" \/>\n<meta property=\"article:published_time\" content=\"2024-11-19T07:00:16+00:00\" \/>\n<meta property=\"article:modified_time\" content=\"2026-08-24T09:27:08+00:00\" \/>\n<meta property=\"og:image\" content=\"https:\/\/tissi.de\/wp-content\/uploads\/2024\/10\/bett-jori-zusammengeklappt.jpg\" \/>\n\t<meta property=\"og:image:width\" content=\"1080\" \/>\n\t<meta property=\"og:image:height\" content=\"1350\" \/>\n\t<meta property=\"og:image:type\" content=\"image\/jpeg\" \/>\n<meta name=\"author\" content=\"Michael Zschische\" \/>\n<meta name=\"twitter:card\" content=\"summary_large_image\" \/>\n<meta name=\"twitter:label1\" content=\"Skriven av\" \/>\n\t<meta name=\"twitter:data1\" content=\"Michael Zschische\" \/>\n\t<meta name=\"twitter:label2\" content=\"Ber\u00e4knad l\u00e4stid\" \/>\n\t<meta name=\"twitter:data2\" content=\"3 minuter\" \/>\n<script type=\"application\/ld+json\" class=\"yoast-schema-graph\">{\"@context\":\"https:\\\/\\\/schema.org\",\"@graph\":[{\"@type\":\"Article\",\"@id\":\"https:\\\/\\\/tissi.de\\\/sv\\\/tissi-saengen-jori-den-perfekta-sovloesningen-foer-naer-barnen-besoeker-mormor-och-morfar\\\/#article\",\"isPartOf\":{\"@id\":\"https:\\\/\\\/tissi.de\\\/sv\\\/tissi-saengen-jori-den-perfekta-sovloesningen-foer-naer-barnen-besoeker-mormor-och-morfar\\\/\"},\"author\":{\"name\":\"Michael Zschische\",\"@id\":\"https:\\\/\\\/tissi.de\\\/sv\\\/#\\\/schema\\\/person\\\/73ec827968169076ba2089ff07f536fe\"},\"headline\":\"tiSsi\u00ae-s\u00e4ngen \u201dJORI\u201d: Den perfekta sovl\u00f6sningen f\u00f6r n\u00e4r barnen bes\u00f6ker mormor och morfar\",\"datePublished\":\"2024-11-19T07:00:16+00:00\",\"dateModified\":\"2026-08-24T09:27:08+00:00\",\"mainEntityOfPage\":{\"@id\":\"https:\\\/\\\/tissi.de\\\/sv\\\/tissi-saengen-jori-den-perfekta-sovloesningen-foer-naer-barnen-besoeker-mormor-och-morfar\\\/\"},\"wordCount\":663,\"publisher\":{\"@id\":\"https:\\\/\\\/tissi.de\\\/sv\\\/#organization\"},\"image\":{\"@id\":\"https:\\\/\\\/tissi.de\\\/sv\\\/tissi-saengen-jori-den-perfekta-sovloesningen-foer-naer-barnen-besoeker-mormor-och-morfar\\\/#primaryimage\"},\"thumbnailUrl\":\"https:\\\/\\\/tissi.de\\\/wp-content\\\/uploads\\\/2024\\\/10\\\/bett-jori-zusammengeklappt.jpg\",\"articleSection\":[\"Okategoriserad\"],\"inLanguage\":\"sv-SE\"},{\"@type\":\"WebPage\",\"@id\":\"https:\\\/\\\/tissi.de\\\/sv\\\/tissi-saengen-jori-den-perfekta-sovloesningen-foer-naer-barnen-besoeker-mormor-och-morfar\\\/\",\"url\":\"https:\\\/\\\/tissi.de\\\/sv\\\/tissi-saengen-jori-den-perfekta-sovloesningen-foer-naer-barnen-besoeker-mormor-och-morfar\\\/\",\"name\":\"tiSsi\u00ae-s\u00e4ngen \u201dJORI\u201d: Den perfekta sovl\u00f6sningen f\u00f6r n\u00e4r barnen bes\u00f6ker mormor och morfar - tiSsi\u00ae\",\"isPartOf\":{\"@id\":\"https:\\\/\\\/tissi.de\\\/sv\\\/#website\"},\"primaryImageOfPage\":{\"@id\":\"https:\\\/\\\/tissi.de\\\/sv\\\/tissi-saengen-jori-den-perfekta-sovloesningen-foer-naer-barnen-besoeker-mormor-och-morfar\\\/#primaryimage\"},\"image\":{\"@id\":\"https:\\\/\\\/tissi.de\\\/sv\\\/tissi-saengen-jori-den-perfekta-sovloesningen-foer-naer-barnen-besoeker-mormor-och-morfar\\\/#primaryimage\"},\"thumbnailUrl\":\"https:\\\/\\\/tissi.de\\\/wp-content\\\/uploads\\\/2024\\\/10\\\/bett-jori-zusammengeklappt.jpg\",\"datePublished\":\"2024-11-19T07:00:16+00:00\",\"dateModified\":\"2026-08-24T09:27:08+00:00\",\"breadcrumb\":{\"@id\":\"https:\\\/\\\/tissi.de\\\/sv\\\/tissi-saengen-jori-den-perfekta-sovloesningen-foer-naer-barnen-besoeker-mormor-och-morfar\\\/#breadcrumb\"},\"inLanguage\":\"sv-SE\",\"potentialAction\":[{\"@type\":\"ReadAction\",\"target\":[\"https:\\\/\\\/tissi.de\\\/sv\\\/tissi-saengen-jori-den-perfekta-sovloesningen-foer-naer-barnen-besoeker-mormor-och-morfar\\\/\"]}]},{\"@type\":\"ImageObject\",\"inLanguage\":\"sv-SE\",\"@id\":\"https:\\\/\\\/tissi.de\\\/sv\\\/tissi-saengen-jori-den-perfekta-sovloesningen-foer-naer-barnen-besoeker-mormor-och-morfar\\\/#primaryimage\",\"url\":\"https:\\\/\\\/tissi.de\\\/wp-content\\\/uploads\\\/2024\\\/10\\\/bett-jori-zusammengeklappt.jpg\",\"contentUrl\":\"https:\\\/\\\/tissi.de\\\/wp-content\\\/uploads\\\/2024\\\/10\\\/bett-jori-zusammengeklappt.jpg\",\"width\":1080,\"height\":1350,\"caption\":\"Folded wooden baby crib in a bedroom with white bed linens.\"},{\"@type\":\"BreadcrumbList\",\"@id\":\"https:\\\/\\\/tissi.de\\\/sv\\\/tissi-saengen-jori-den-perfekta-sovloesningen-foer-naer-barnen-besoeker-mormor-och-morfar\\\/#breadcrumb\",\"itemListElement\":[{\"@type\":\"ListItem\",\"position\":1,\"name\":\"Startseite\",\"item\":\"https:\\\/\\\/tissi.de\\\/sv\\\/hem\\\/\"},{\"@type\":\"ListItem\",\"position\":2,\"name\":\"tiSsi\u00ae-s\u00e4ngen \u201dJORI\u201d: Den perfekta sovl\u00f6sningen f\u00f6r n\u00e4r barnen bes\u00f6ker mormor och morfar\"}]},{\"@type\":\"WebSite\",\"@id\":\"https:\\\/\\\/tissi.de\\\/sv\\\/#website\",\"url\":\"https:\\\/\\\/tissi.de\\\/sv\\\/\",\"name\":\"tiSsi\u00ae\",\"description\":\"Familie beginnt mit uns! Lernturm, Hochstuhl, Kinderm\u00f6bel, Laufgitter\",\"publisher\":{\"@id\":\"https:\\\/\\\/tissi.de\\\/sv\\\/#organization\"},\"potentialAction\":[{\"@type\":\"SearchAction\",\"target\":{\"@type\":\"EntryPoint\",\"urlTemplate\":\"https:\\\/\\\/tissi.de\\\/sv\\\/?s={search_term_string}\"},\"query-input\":{\"@type\":\"PropertyValueSpecification\",\"valueRequired\":true,\"valueName\":\"search_term_string\"}}],\"inLanguage\":\"sv-SE\"},{\"@type\":\"Organization\",\"@id\":\"https:\\\/\\\/tissi.de\\\/sv\\\/#organization\",\"name\":\"M.J. Oster GmbH\",\"url\":\"https:\\\/\\\/tissi.de\\\/sv\\\/\",\"logo\":{\"@type\":\"ImageObject\",\"inLanguage\":\"sv-SE\",\"@id\":\"https:\\\/\\\/tissi.de\\\/sv\\\/#\\\/schema\\\/logo\\\/image\\\/\",\"url\":\"https:\\\/\\\/tissi.de\\\/wp-content\\\/uploads\\\/2022\\\/04\\\/tissi-logo.webp\",\"contentUrl\":\"https:\\\/\\\/tissi.de\\\/wp-content\\\/uploads\\\/2022\\\/04\\\/tissi-logo.webp\",\"width\":300,\"height\":173,\"caption\":\"M.J. Oster GmbH\"},\"image\":{\"@id\":\"https:\\\/\\\/tissi.de\\\/sv\\\/#\\\/schema\\\/logo\\\/image\\\/\"},\"sameAs\":[\"https:\\\/\\\/de-de.facebook.com\\\/tiSsikids\\\/\",\"https:\\\/\\\/www.instagram.com\\\/tissi_kids\\\/\"]},{\"@type\":\"Person\",\"@id\":\"https:\\\/\\\/tissi.de\\\/sv\\\/#\\\/schema\\\/person\\\/73ec827968169076ba2089ff07f536fe\",\"name\":\"Michael Zschische\",\"image\":{\"@type\":\"ImageObject\",\"inLanguage\":\"sv-SE\",\"@id\":\"https:\\\/\\\/secure.gravatar.com\\\/avatar\\\/4325677e1eafd40541e30b2173bb41d8df3d26ba55e6c228588bc3055b4d6f5d?s=96&d=mm&r=g\",\"url\":\"https:\\\/\\\/secure.gravatar.com\\\/avatar\\\/4325677e1eafd40541e30b2173bb41d8df3d26ba55e6c228588bc3055b4d6f5d?s=96&d=mm&r=g\",\"contentUrl\":\"https:\\\/\\\/secure.gravatar.com\\\/avatar\\\/4325677e1eafd40541e30b2173bb41d8df3d26ba55e6c228588bc3055b4d6f5d?s=96&d=mm&r=g\",\"caption\":\"Michael Zschische\"},\"url\":\"https:\\\/\\\/tissi.de\\\/sv\\\/author\\\/zschiescheklimekschneider-com\\\/\"}]}<\/script>\n<!-- \/ Yoast SEO plugin. -->","yoast_head_json":{"title":"tiSsi\u00ae-s\u00e4ngen \u201dJORI\u201d: Den perfekta sovl\u00f6sningen f\u00f6r n\u00e4r barnen bes\u00f6ker mormor och morfar - tiSsi\u00ae","robots":{"index":"index","follow":"follow","max-snippet":"max-snippet:-1","max-image-preview":"max-image-preview:large","max-video-preview":"max-video-preview:-1"},"canonical":"https:\/\/tissi.de\/sv\/tissi-saengen-jori-den-perfekta-sovloesningen-foer-naer-barnen-besoeker-mormor-och-morfar\/","og_locale":"sv_SE","og_type":"article","og_title":"tiSsi\u00ae-s\u00e4ngen \u201dJORI\u201d: Den perfekta sovl\u00f6sningen f\u00f6r n\u00e4r barnen bes\u00f6ker mormor och morfar - tiSsi\u00ae","og_description":"[vc_row][vc_column] tiSsi\u00ae-s\u00e4ngen \u201dJORI\u201d: Den perfekta sovl\u00f6sningen f\u00f6r \u00f6vernattningar hos mormor och morfar [vc_column_text css=&#8221;&#8221;] N\u00e4r barnen sover \u00f6ver hos mormor och morfar vill mor- och farf\u00f6r\u00e4ldrarna se till att de har en mysig och s\u00e4ker sovplats. S\u00e4ngen \u201dJORI\u201d fr\u00e5n tiSsi\u00ae \u00e4r speciellt framtagen f\u00f6r just s\u00e5dana behov och erbjuder en bekv\u00e4m, s\u00e4ker och flexibel l\u00f6sning [&hellip;]","og_url":"https:\/\/tissi.de\/sv\/tissi-saengen-jori-den-perfekta-sovloesningen-foer-naer-barnen-besoeker-mormor-och-morfar\/","og_site_name":"tiSsi\u00ae","article_publisher":"https:\/\/de-de.facebook.com\/tiSsikids\/","article_published_time":"2024-11-19T07:00:16+00:00","article_modified_time":"2026-08-24T09:27:08+00:00","og_image":[{"width":1080,"height":1350,"url":"https:\/\/tissi.de\/wp-content\/uploads\/2024\/10\/bett-jori-zusammengeklappt.jpg","type":"image\/jpeg"}],"author":"Michael Zschische","twitter_card":"summary_large_image","twitter_misc":{"Skriven av":"Michael Zschische","Ber\u00e4knad l\u00e4stid":"3 minuter"},"schema":{"@context":"https:\/\/schema.org","@graph":[{"@type":"Article","@id":"https:\/\/tissi.de\/sv\/tissi-saengen-jori-den-perfekta-sovloesningen-foer-naer-barnen-besoeker-mormor-och-morfar\/#article","isPartOf":{"@id":"https:\/\/tissi.de\/sv\/tissi-saengen-jori-den-perfekta-sovloesningen-foer-naer-barnen-besoeker-mormor-och-morfar\/"},"author":{"name":"Michael Zschische","@id":"https:\/\/tissi.de\/sv\/#\/schema\/person\/73ec827968169076ba2089ff07f536fe"},"headline":"tiSsi\u00ae-s\u00e4ngen \u201dJORI\u201d: Den perfekta sovl\u00f6sningen f\u00f6r n\u00e4r barnen bes\u00f6ker mormor och morfar","datePublished":"2024-11-19T07:00:16+00:00","dateModified":"2026-08-24T09:27:08+00:00","mainEntityOfPage":{"@id":"https:\/\/tissi.de\/sv\/tissi-saengen-jori-den-perfekta-sovloesningen-foer-naer-barnen-besoeker-mormor-och-morfar\/"},"wordCount":663,"publisher":{"@id":"https:\/\/tissi.de\/sv\/#organization"},"image":{"@id":"https:\/\/tissi.de\/sv\/tissi-saengen-jori-den-perfekta-sovloesningen-foer-naer-barnen-besoeker-mormor-och-morfar\/#primaryimage"},"thumbnailUrl":"https:\/\/tissi.de\/wp-content\/uploads\/2024\/10\/bett-jori-zusammengeklappt.jpg","articleSection":["Okategoriserad"],"inLanguage":"sv-SE"},{"@type":"WebPage","@id":"https:\/\/tissi.de\/sv\/tissi-saengen-jori-den-perfekta-sovloesningen-foer-naer-barnen-besoeker-mormor-och-morfar\/","url":"https:\/\/tissi.de\/sv\/tissi-saengen-jori-den-perfekta-sovloesningen-foer-naer-barnen-besoeker-mormor-och-morfar\/","name":"tiSsi\u00ae-s\u00e4ngen \u201dJORI\u201d: Den perfekta sovl\u00f6sningen f\u00f6r n\u00e4r barnen bes\u00f6ker mormor och morfar - tiSsi\u00ae","isPartOf":{"@id":"https:\/\/tissi.de\/sv\/#website"},"primaryImageOfPage":{"@id":"https:\/\/tissi.de\/sv\/tissi-saengen-jori-den-perfekta-sovloesningen-foer-naer-barnen-besoeker-mormor-och-morfar\/#primaryimage"},"image":{"@id":"https:\/\/tissi.de\/sv\/tissi-saengen-jori-den-perfekta-sovloesningen-foer-naer-barnen-besoeker-mormor-och-morfar\/#primaryimage"},"thumbnailUrl":"https:\/\/tissi.de\/wp-content\/uploads\/2024\/10\/bett-jori-zusammengeklappt.jpg","datePublished":"2024-11-19T07:00:16+00:00","dateModified":"2026-08-24T09:27:08+00:00","breadcrumb":{"@id":"https:\/\/tissi.de\/sv\/tissi-saengen-jori-den-perfekta-sovloesningen-foer-naer-barnen-besoeker-mormor-och-morfar\/#breadcrumb"},"inLanguage":"sv-SE","potentialAction":[{"@type":"ReadAction","target":["https:\/\/tissi.de\/sv\/tissi-saengen-jori-den-perfekta-sovloesningen-foer-naer-barnen-besoeker-mormor-och-morfar\/"]}]},{"@type":"ImageObject","inLanguage":"sv-SE","@id":"https:\/\/tissi.de\/sv\/tissi-saengen-jori-den-perfekta-sovloesningen-foer-naer-barnen-besoeker-mormor-och-morfar\/#primaryimage","url":"https:\/\/tissi.de\/wp-content\/uploads\/2024\/10\/bett-jori-zusammengeklappt.jpg","contentUrl":"https:\/\/tissi.de\/wp-content\/uploads\/2024\/10\/bett-jori-zusammengeklappt.jpg","width":1080,"height":1350,"caption":"Folded wooden baby crib in a bedroom with white bed linens."},{"@type":"BreadcrumbList","@id":"https:\/\/tissi.de\/sv\/tissi-saengen-jori-den-perfekta-sovloesningen-foer-naer-barnen-besoeker-mormor-och-morfar\/#breadcrumb","itemListElement":[{"@type":"ListItem","position":1,"name":"Startseite","item":"https:\/\/tissi.de\/sv\/hem\/"},{"@type":"ListItem","position":2,"name":"tiSsi\u00ae-s\u00e4ngen \u201dJORI\u201d: Den perfekta sovl\u00f6sningen f\u00f6r n\u00e4r barnen bes\u00f6ker mormor och morfar"}]},{"@type":"WebSite","@id":"https:\/\/tissi.de\/sv\/#website","url":"https:\/\/tissi.de\/sv\/","name":"tiSsi\u00ae","description":"Familie beginnt mit uns! Lernturm, Hochstuhl, Kinderm\u00f6bel, Laufgitter","publisher":{"@id":"https:\/\/tissi.de\/sv\/#organization"},"potentialAction":[{"@type":"SearchAction","target":{"@type":"EntryPoint","urlTemplate":"https:\/\/tissi.de\/sv\/?s={search_term_string}"},"query-input":{"@type":"PropertyValueSpecification","valueRequired":true,"valueName":"search_term_string"}}],"inLanguage":"sv-SE"},{"@type":"Organization","@id":"https:\/\/tissi.de\/sv\/#organization","name":"M.J. Oster GmbH","url":"https:\/\/tissi.de\/sv\/","logo":{"@type":"ImageObject","inLanguage":"sv-SE","@id":"https:\/\/tissi.de\/sv\/#\/schema\/logo\/image\/","url":"https:\/\/tissi.de\/wp-content\/uploads\/2022\/04\/tissi-logo.webp","contentUrl":"https:\/\/tissi.de\/wp-content\/uploads\/2022\/04\/tissi-logo.webp","width":300,"height":173,"caption":"M.J. Oster GmbH"},"image":{"@id":"https:\/\/tissi.de\/sv\/#\/schema\/logo\/image\/"},"sameAs":["https:\/\/de-de.facebook.com\/tiSsikids\/","https:\/\/www.instagram.com\/tissi_kids\/"]},{"@type":"Person","@id":"https:\/\/tissi.de\/sv\/#\/schema\/person\/73ec827968169076ba2089ff07f536fe","name":"Michael Zschische","image":{"@type":"ImageObject","inLanguage":"sv-SE","@id":"https:\/\/secure.gravatar.com\/avatar\/4325677e1eafd40541e30b2173bb41d8df3d26ba55e6c228588bc3055b4d6f5d?s=96&d=mm&r=g","url":"https:\/\/secure.gravatar.com\/avatar\/4325677e1eafd40541e30b2173bb41d8df3d26ba55e6c228588bc3055b4d6f5d?s=96&d=mm&r=g","contentUrl":"https:\/\/secure.gravatar.com\/avatar\/4325677e1eafd40541e30b2173bb41d8df3d26ba55e6c228588bc3055b4d6f5d?s=96&d=mm&r=g","caption":"Michael Zschische"},"url":"https:\/\/tissi.de\/sv\/author\/zschiescheklimekschneider-com\/"}]}},"jetpack_sharing_enabled":true,"jetpack_featured_media_url":"https:\/\/tissi.de\/wp-content\/uploads\/2024\/10\/bett-jori-zusammengeklappt.jpg","_links":{"self":[{"href":"https:\/\/tissi.de\/sv\/wp-json\/wp\/v2\/posts\/60023","targetHints":{"allow":["GET"]}}],"collection":[{"href":"https:\/\/tissi.de\/sv\/wp-json\/wp\/v2\/posts"}],"about":[{"href":"https:\/\/tissi.de\/sv\/wp-json\/wp\/v2\/types\/post"}],"author":[{"embeddable":true,"href":"https:\/\/tissi.de\/sv\/wp-json\/wp\/v2\/users\/155"}],"replies":[{"embeddable":true,"href":"https:\/\/tissi.de\/sv\/wp-json\/wp\/v2\/comments?post=60023"}],"version-history":[{"count":3,"href":"https:\/\/tissi.de\/sv\/wp-json\/wp\/v2\/posts\/60023\/revisions"}],"predecessor-version":[{"id":60028,"href":"https:\/\/tissi.de\/sv\/wp-json\/wp\/v2\/posts\/60023\/revisions\/60028"}],"wp:featuredmedia":[{"embeddable":true,"href":"https:\/\/tissi.de\/sv\/wp-json\/wp\/v2\/media\/6701"}],"wp:attachment":[{"href":"https:\/\/tissi.de\/sv\/wp-json\/wp\/v2\/media?parent=60023"}],"wp:term":[{"taxonomy":"category","embeddable":true,"href":"https:\/\/tissi.de\/sv\/wp-json\/wp\/v2\/categories?post=60023"},{"taxonomy":"post_tag","embeddable":true,"href":"https:\/\/tissi.de\/sv\/wp-json\/wp\/v2\/tags?post=60023"}],"curies":[{"name":"wp","href":"https:\/\/api.w.org\/{rel}","templated":true}]}}