{"id":60029,"date":"2024-11-12T08:00:05","date_gmt":"2024-11-12T07:00:05","guid":{"rendered":"https:\/\/tissi.de\/laerande-i-koeket-saa-blir-vardagen-en-trygg-upplevelse-foer-hela-familjen\/"},"modified":"2026-08-24T11:27:10","modified_gmt":"2026-08-24T09:27:10","slug":"laerande-i-koeket-saa-blir-vardagen-en-trygg-upplevelse-foer-hela-familjen","status":"publish","type":"post","link":"https:\/\/tissi.de\/sv\/laerande-i-koeket-saa-blir-vardagen-en-trygg-upplevelse-foer-hela-familjen\/","title":{"rendered":"L\u00e4rande i k\u00f6ket: S\u00e5 blir vardagen en trygg upplevelse f\u00f6r hela familjen"},"content":{"rendered":"<div class=\"wpb-content-wrapper\" id=\"wpb-content-root\"><p>[vc_row][vc_column]<\/p>\n<h2>L\u00e4randeaktiviteter i k\u00f6ket: S\u00e5 blir vardagen en trygg upplevelse f\u00f6r hela familjen<\/h2>\n<p>[vc_column_text css=&#8221;&#8221;]<\/p>\n<p>L\u00e4rtornen blir alltmer popul\u00e4ra, s\u00e4rskilt i k\u00f6ket, d\u00e4r de g\u00f6r det m\u00f6jligt att laga mat och baka tillsammans med de allra minsta. Men vad \u00e4r det som g\u00f6r l\u00e4rtornen till en s\u00e5 praktisk hj\u00e4lpreda i vardagen \u2013 just i det h\u00e4r rummet? H\u00e4r tittar vi n\u00e4rmare p\u00e5 varf\u00f6r en l\u00e4rtorne som FELIX fr\u00e5n tiSsi\u00ae \u00e4r en verklig tillg\u00e5ng f\u00f6r f\u00f6r\u00e4ldrar och barn, s\u00e4rskilt i k\u00f6ket.  <\/p>\n<h3>Att vara med p\u00e5 lika villkor \u2013 redan fr\u00e5n b\u00f6rjan<\/h3>\n<p>Barn \u00e4lskar att vara med och g\u00f6ra saker, s\u00e4rskilt n\u00e4r f\u00f6r\u00e4ldrarna \u00e4r sysselsatta i k\u00f6ket. Medan arbetsytan annars \u00e4r utom r\u00e4ckh\u00e5ll g\u00f6r en l\u00e4rtorn det m\u00f6jligt f\u00f6r barnen att st\u00e5 s\u00e4kert och stabilt i samma h\u00f6jd som f\u00f6r\u00e4ldrarna och delta i det som h\u00e4nder. P\u00e5 s\u00e5 s\u00e4tt kan de observera vad som h\u00e4nder n\u00e4r man lagar mat och bakar, och ofta till och med hj\u00e4lpa till sj\u00e4lva \u2013 vare sig det g\u00e4ller att r\u00f6ra om, v\u00e4ga ingredienser eller stansa ut kakor.  <\/p>\n<h3>Fr\u00e4mjande av sj\u00e4lvst\u00e4ndighet och motoriska f\u00e4rdigheter<\/h3>\n<p>I Lernturm kan barnen inte bara titta p\u00e5, utan ocks\u00e5 sj\u00e4lva prova p\u00e5 m\u00e5nga olika moment genom att st\u00e5 s\u00e4kert p\u00e5 egna ben. Detta fr\u00e4mjar b\u00e5de deras sj\u00e4lvst\u00e4ndighet och motoriska f\u00e4rdigheter. M\u00f6jligheten att ta p\u00e5 sig enkla uppgifter i k\u00f6ket st\u00e4rker sj\u00e4lvf\u00f6rtroendet och v\u00e4cker entusiasmen f\u00f6r h\u00e4lsosam mat och gemensamma m\u00e5ltider. Med r\u00e4tt k\u00f6ksredskap kan de sm\u00e5 snart sk\u00e4ra frukt eller kn\u00e5da deg.   <\/p>\n<h3>S\u00e4kerheten g\u00e5r f\u00f6rst<\/h3>\n<p>I k\u00f6ket finns m\u00e5nga faror \u2013 heta kastruller, vassa knivar och hala golv. L\u00e4rtornen skapar en s\u00e4ker plattform som \u00e4r stabil och v\u00e4lbalanserad. Modeller som <a href=\"https:\/\/tissi.de\/produkt\/lernturm-tissi-felix\/\">tiSsi\u00ae-inl\u00e4rningstornet \u201dFELIX\u201d<\/a> har till och med en h\u00f6jdjusterbar st\u00f6dplatta som kan anpassas perfekt efter barnets l\u00e4ngd. Boktr\u00e4et och den genomt\u00e4nkta konstruktionen hos tiSsi\u00ae-produkterna garanterar maximal stabilitet, \u00e4ven n\u00e4r de sm\u00e5 uppt\u00e4cktsresande r\u00f6r sig livligt.   <\/p>\n<h3>En plats f\u00f6r gemensamma stunder och l\u00e4rorika \u00f6gonblick<\/h3>\n<p>K\u00f6ket \u00e4r ofta familjens hj\u00e4rta, och en inl\u00e4rningstorn ger m\u00f6jlighet att dela dessa v\u00e4rdefulla stunder med varandra. Barn l\u00e4r sig genom att vara med och kan integreras i vardagen. Samtidigt skapas en n\u00e4rhet som ofta kommer i kl\u00e4m i den hektiska vardagen \u2013 eftersom f\u00f6r\u00e4ldrar och barn befinner sig p\u00e5 samma niv\u00e5 och upplever stunden tillsammans. En l\u00e4rtorne \u00e4r d\u00e4rmed inte bara ett hj\u00e4lpmedel, utan ocks\u00e5 en m\u00f6bel som st\u00e4rker n\u00e4rheten och banden inom familjen.   <\/p>\n<h3>Praktisk flexibilitet: tiSsi\u00ae-inl\u00e4rningstornet FELIX \u2013 en hj\u00e4lpreda i vardagen<\/h3>\n<p>L\u00e4rningstornet FELIX fr\u00e5n tiSsi\u00ae passar inte bara i k\u00f6ket, utan kan anv\u00e4ndas p\u00e5 m\u00e5nga olika s\u00e4tt, till exempel i badrummet n\u00e4r barnet tv\u00e4ttar h\u00e4nderna eller borstar t\u00e4nderna. Tack vare den justerbara h\u00f6jden och det robusta boktr\u00e4et v\u00e4xer det med barnet och f\u00f6rblir en s\u00e4ker f\u00f6ljeslagare under l\u00e5ng tid. Hos tiSsi\u00ae ligger dessutom fokus p\u00e5 h\u00e5llbarhet \u2013 material och tillverkning \u00e4r fria fr\u00e5n skadliga \u00e4mnen och utformade p\u00e5 ett milj\u00f6v\u00e4nligt s\u00e4tt, s\u00e5 att f\u00f6r\u00e4ldrarna kan k\u00e4nna sig trygga.  <\/p>\n<p>Med en inl\u00e4rningstorn i k\u00f6ket blir vardagen inte bara mer praktisk f\u00f6r f\u00f6r\u00e4ldrar och barn, utan ocks\u00e5 en tid fylld av v\u00e4rdefulla gemensamma upplevelser. P\u00e5 s\u00e5 s\u00e4tt l\u00e4r sig de sm\u00e5 p\u00e5 ett lekfullt s\u00e4tt att hantera livsmedel och k\u00f6ksredskap och k\u00e4nner sig som en j\u00e4mb\u00f6rdig del av familjelivet. <\/p>\n<p>[\/vc_column_text][\/vc_column][\/vc_row]<\/p>\n<\/div>","protected":false},"excerpt":{"rendered":"<p>[vc_row][vc_column] L\u00e4randeaktiviteter i k\u00f6ket: S\u00e5 blir vardagen en trygg upplevelse f\u00f6r hela familjen [vc_column_text css=&#8221;&#8221;] L\u00e4rtornen blir alltmer popul\u00e4ra, s\u00e4rskilt i k\u00f6ket, d\u00e4r de g\u00f6r det m\u00f6jligt att laga mat och baka tillsammans med de allra minsta. Men vad \u00e4r det som g\u00f6r l\u00e4rtornen till en s\u00e5 praktisk hj\u00e4lpreda i vardagen \u2013 just i det [&hellip;]<\/p>\n","protected":false},"author":155,"featured_media":6690,"comment_status":"closed","ping_status":"closed","sticky":false,"template":"","format":"standard","meta":{"_acf_changed":false,"inline_featured_image":false,"_jetpack_newsletter_access":"","_jetpack_dont_email_post_to_subs":false,"_jetpack_newsletter_tier_id":0,"_jetpack_memberships_contains_paywalled_content":false,"_jetpack_feature_clip_id":0,"_jetpack_memberships_contains_paid_content":false,"footnotes":"","jetpack_post_was_ever_published":false},"categories":[718],"tags":[],"class_list":["post-60029","post","type-post","status-publish","format-standard","has-post-thumbnail","hentry","category-okategoriserad"],"acf":[],"yoast_head":"<!-- This site is optimized with the Yoast SEO plugin v28.3 - https:\/\/yoast.com\/product\/yoast-seo-wordpress\/ -->\n<title>L\u00e4rande i k\u00f6ket: S\u00e5 blir vardagen en trygg upplevelse f\u00f6r hela familjen - tiSsi\u00ae<\/title>\n<meta name=\"robots\" content=\"index, follow, max-snippet:-1, max-image-preview:large, max-video-preview:-1\" \/>\n<link rel=\"canonical\" href=\"https:\/\/tissi.de\/sv\/laerande-i-koeket-saa-blir-vardagen-en-trygg-upplevelse-foer-hela-familjen\/\" \/>\n<meta property=\"og:locale\" content=\"sv_SE\" \/>\n<meta property=\"og:type\" content=\"article\" \/>\n<meta property=\"og:title\" content=\"L\u00e4rande i k\u00f6ket: S\u00e5 blir vardagen en trygg upplevelse f\u00f6r hela familjen - tiSsi\u00ae\" \/>\n<meta property=\"og:description\" content=\"[vc_row][vc_column] L\u00e4randeaktiviteter i k\u00f6ket: S\u00e5 blir vardagen en trygg upplevelse f\u00f6r hela familjen [vc_column_text css=&#8221;&#8221;] L\u00e4rtornen blir alltmer popul\u00e4ra, s\u00e4rskilt i k\u00f6ket, d\u00e4r de g\u00f6r det m\u00f6jligt att laga mat och baka tillsammans med de allra minsta. Men vad \u00e4r det som g\u00f6r l\u00e4rtornen till en s\u00e5 praktisk hj\u00e4lpreda i vardagen \u2013 just i det [&hellip;]\" \/>\n<meta property=\"og:url\" content=\"https:\/\/tissi.de\/sv\/laerande-i-koeket-saa-blir-vardagen-en-trygg-upplevelse-foer-hela-familjen\/\" \/>\n<meta property=\"og:site_name\" content=\"tiSsi\u00ae\" \/>\n<meta property=\"article:publisher\" content=\"https:\/\/de-de.facebook.com\/tiSsikids\/\" \/>\n<meta property=\"article:published_time\" content=\"2024-11-12T07:00:05+00:00\" \/>\n<meta property=\"article:modified_time\" content=\"2026-08-24T09:27:10+00:00\" \/>\n<meta property=\"og:image\" content=\"https:\/\/tissi.de\/wp-content\/uploads\/2024\/10\/lernturm-felix-kueche.jpg\" \/>\n\t<meta property=\"og:image:width\" content=\"1080\" \/>\n\t<meta property=\"og:image:height\" content=\"1350\" \/>\n\t<meta property=\"og:image:type\" content=\"image\/jpeg\" \/>\n<meta name=\"author\" content=\"Michael Zschische\" \/>\n<meta name=\"twitter:card\" content=\"summary_large_image\" \/>\n<meta name=\"twitter:label1\" content=\"Skriven av\" \/>\n\t<meta name=\"twitter:data1\" content=\"Michael Zschische\" \/>\n\t<meta name=\"twitter:label2\" content=\"Ber\u00e4knad l\u00e4stid\" \/>\n\t<meta name=\"twitter:data2\" content=\"3 minuter\" \/>\n<script type=\"application\/ld+json\" class=\"yoast-schema-graph\">{\"@context\":\"https:\\\/\\\/schema.org\",\"@graph\":[{\"@type\":\"Article\",\"@id\":\"https:\\\/\\\/tissi.de\\\/sv\\\/laerande-i-koeket-saa-blir-vardagen-en-trygg-upplevelse-foer-hela-familjen\\\/#article\",\"isPartOf\":{\"@id\":\"https:\\\/\\\/tissi.de\\\/sv\\\/laerande-i-koeket-saa-blir-vardagen-en-trygg-upplevelse-foer-hela-familjen\\\/\"},\"author\":{\"name\":\"Michael Zschische\",\"@id\":\"https:\\\/\\\/tissi.de\\\/sv\\\/#\\\/schema\\\/person\\\/73ec827968169076ba2089ff07f536fe\"},\"headline\":\"L\u00e4rande i k\u00f6ket: S\u00e5 blir vardagen en trygg upplevelse f\u00f6r hela familjen\",\"datePublished\":\"2024-11-12T07:00:05+00:00\",\"dateModified\":\"2026-08-24T09:27:10+00:00\",\"mainEntityOfPage\":{\"@id\":\"https:\\\/\\\/tissi.de\\\/sv\\\/laerande-i-koeket-saa-blir-vardagen-en-trygg-upplevelse-foer-hela-familjen\\\/\"},\"wordCount\":695,\"publisher\":{\"@id\":\"https:\\\/\\\/tissi.de\\\/sv\\\/#organization\"},\"image\":{\"@id\":\"https:\\\/\\\/tissi.de\\\/sv\\\/laerande-i-koeket-saa-blir-vardagen-en-trygg-upplevelse-foer-hela-familjen\\\/#primaryimage\"},\"thumbnailUrl\":\"https:\\\/\\\/tissi.de\\\/wp-content\\\/uploads\\\/2024\\\/10\\\/lernturm-felix-kueche.jpg\",\"articleSection\":[\"Okategoriserad\"],\"inLanguage\":\"sv-SE\"},{\"@type\":\"WebPage\",\"@id\":\"https:\\\/\\\/tissi.de\\\/sv\\\/laerande-i-koeket-saa-blir-vardagen-en-trygg-upplevelse-foer-hela-familjen\\\/\",\"url\":\"https:\\\/\\\/tissi.de\\\/sv\\\/laerande-i-koeket-saa-blir-vardagen-en-trygg-upplevelse-foer-hela-familjen\\\/\",\"name\":\"L\u00e4rande i k\u00f6ket: S\u00e5 blir vardagen en trygg upplevelse f\u00f6r hela familjen - tiSsi\u00ae\",\"isPartOf\":{\"@id\":\"https:\\\/\\\/tissi.de\\\/sv\\\/#website\"},\"primaryImageOfPage\":{\"@id\":\"https:\\\/\\\/tissi.de\\\/sv\\\/laerande-i-koeket-saa-blir-vardagen-en-trygg-upplevelse-foer-hela-familjen\\\/#primaryimage\"},\"image\":{\"@id\":\"https:\\\/\\\/tissi.de\\\/sv\\\/laerande-i-koeket-saa-blir-vardagen-en-trygg-upplevelse-foer-hela-familjen\\\/#primaryimage\"},\"thumbnailUrl\":\"https:\\\/\\\/tissi.de\\\/wp-content\\\/uploads\\\/2024\\\/10\\\/lernturm-felix-kueche.jpg\",\"datePublished\":\"2024-11-12T07:00:05+00:00\",\"dateModified\":\"2026-08-24T09:27:10+00:00\",\"breadcrumb\":{\"@id\":\"https:\\\/\\\/tissi.de\\\/sv\\\/laerande-i-koeket-saa-blir-vardagen-en-trygg-upplevelse-foer-hela-familjen\\\/#breadcrumb\"},\"inLanguage\":\"sv-SE\",\"potentialAction\":[{\"@type\":\"ReadAction\",\"target\":[\"https:\\\/\\\/tissi.de\\\/sv\\\/laerande-i-koeket-saa-blir-vardagen-en-trygg-upplevelse-foer-hela-familjen\\\/\"]}]},{\"@type\":\"ImageObject\",\"inLanguage\":\"sv-SE\",\"@id\":\"https:\\\/\\\/tissi.de\\\/sv\\\/laerande-i-koeket-saa-blir-vardagen-en-trygg-upplevelse-foer-hela-familjen\\\/#primaryimage\",\"url\":\"https:\\\/\\\/tissi.de\\\/wp-content\\\/uploads\\\/2024\\\/10\\\/lernturm-felix-kueche.jpg\",\"contentUrl\":\"https:\\\/\\\/tissi.de\\\/wp-content\\\/uploads\\\/2024\\\/10\\\/lernturm-felix-kueche.jpg\",\"width\":1080,\"height\":1350,\"caption\":\"Child in overalls stands on yellow stool facing teddy bear on counter.\"},{\"@type\":\"BreadcrumbList\",\"@id\":\"https:\\\/\\\/tissi.de\\\/sv\\\/laerande-i-koeket-saa-blir-vardagen-en-trygg-upplevelse-foer-hela-familjen\\\/#breadcrumb\",\"itemListElement\":[{\"@type\":\"ListItem\",\"position\":1,\"name\":\"Startseite\",\"item\":\"https:\\\/\\\/tissi.de\\\/sv\\\/hem\\\/\"},{\"@type\":\"ListItem\",\"position\":2,\"name\":\"L\u00e4rande i k\u00f6ket: S\u00e5 blir vardagen en trygg upplevelse f\u00f6r hela familjen\"}]},{\"@type\":\"WebSite\",\"@id\":\"https:\\\/\\\/tissi.de\\\/sv\\\/#website\",\"url\":\"https:\\\/\\\/tissi.de\\\/sv\\\/\",\"name\":\"tiSsi\u00ae\",\"description\":\"Familie beginnt mit uns! Lernturm, Hochstuhl, Kinderm\u00f6bel, Laufgitter\",\"publisher\":{\"@id\":\"https:\\\/\\\/tissi.de\\\/sv\\\/#organization\"},\"potentialAction\":[{\"@type\":\"SearchAction\",\"target\":{\"@type\":\"EntryPoint\",\"urlTemplate\":\"https:\\\/\\\/tissi.de\\\/sv\\\/?s={search_term_string}\"},\"query-input\":{\"@type\":\"PropertyValueSpecification\",\"valueRequired\":true,\"valueName\":\"search_term_string\"}}],\"inLanguage\":\"sv-SE\"},{\"@type\":\"Organization\",\"@id\":\"https:\\\/\\\/tissi.de\\\/sv\\\/#organization\",\"name\":\"M.J. Oster GmbH\",\"url\":\"https:\\\/\\\/tissi.de\\\/sv\\\/\",\"logo\":{\"@type\":\"ImageObject\",\"inLanguage\":\"sv-SE\",\"@id\":\"https:\\\/\\\/tissi.de\\\/sv\\\/#\\\/schema\\\/logo\\\/image\\\/\",\"url\":\"https:\\\/\\\/tissi.de\\\/wp-content\\\/uploads\\\/2022\\\/04\\\/tissi-logo.webp\",\"contentUrl\":\"https:\\\/\\\/tissi.de\\\/wp-content\\\/uploads\\\/2022\\\/04\\\/tissi-logo.webp\",\"width\":300,\"height\":173,\"caption\":\"M.J. Oster GmbH\"},\"image\":{\"@id\":\"https:\\\/\\\/tissi.de\\\/sv\\\/#\\\/schema\\\/logo\\\/image\\\/\"},\"sameAs\":[\"https:\\\/\\\/de-de.facebook.com\\\/tiSsikids\\\/\",\"https:\\\/\\\/www.instagram.com\\\/tissi_kids\\\/\"]},{\"@type\":\"Person\",\"@id\":\"https:\\\/\\\/tissi.de\\\/sv\\\/#\\\/schema\\\/person\\\/73ec827968169076ba2089ff07f536fe\",\"name\":\"Michael Zschische\",\"image\":{\"@type\":\"ImageObject\",\"inLanguage\":\"sv-SE\",\"@id\":\"https:\\\/\\\/secure.gravatar.com\\\/avatar\\\/4325677e1eafd40541e30b2173bb41d8df3d26ba55e6c228588bc3055b4d6f5d?s=96&d=mm&r=g\",\"url\":\"https:\\\/\\\/secure.gravatar.com\\\/avatar\\\/4325677e1eafd40541e30b2173bb41d8df3d26ba55e6c228588bc3055b4d6f5d?s=96&d=mm&r=g\",\"contentUrl\":\"https:\\\/\\\/secure.gravatar.com\\\/avatar\\\/4325677e1eafd40541e30b2173bb41d8df3d26ba55e6c228588bc3055b4d6f5d?s=96&d=mm&r=g\",\"caption\":\"Michael Zschische\"},\"url\":\"https:\\\/\\\/tissi.de\\\/sv\\\/author\\\/zschiescheklimekschneider-com\\\/\"}]}<\/script>\n<!-- \/ Yoast SEO plugin. -->","yoast_head_json":{"title":"L\u00e4rande i k\u00f6ket: S\u00e5 blir vardagen en trygg upplevelse f\u00f6r hela familjen - tiSsi\u00ae","robots":{"index":"index","follow":"follow","max-snippet":"max-snippet:-1","max-image-preview":"max-image-preview:large","max-video-preview":"max-video-preview:-1"},"canonical":"https:\/\/tissi.de\/sv\/laerande-i-koeket-saa-blir-vardagen-en-trygg-upplevelse-foer-hela-familjen\/","og_locale":"sv_SE","og_type":"article","og_title":"L\u00e4rande i k\u00f6ket: S\u00e5 blir vardagen en trygg upplevelse f\u00f6r hela familjen - tiSsi\u00ae","og_description":"[vc_row][vc_column] L\u00e4randeaktiviteter i k\u00f6ket: S\u00e5 blir vardagen en trygg upplevelse f\u00f6r hela familjen [vc_column_text css=&#8221;&#8221;] L\u00e4rtornen blir alltmer popul\u00e4ra, s\u00e4rskilt i k\u00f6ket, d\u00e4r de g\u00f6r det m\u00f6jligt att laga mat och baka tillsammans med de allra minsta. Men vad \u00e4r det som g\u00f6r l\u00e4rtornen till en s\u00e5 praktisk hj\u00e4lpreda i vardagen \u2013 just i det [&hellip;]","og_url":"https:\/\/tissi.de\/sv\/laerande-i-koeket-saa-blir-vardagen-en-trygg-upplevelse-foer-hela-familjen\/","og_site_name":"tiSsi\u00ae","article_publisher":"https:\/\/de-de.facebook.com\/tiSsikids\/","article_published_time":"2024-11-12T07:00:05+00:00","article_modified_time":"2026-08-24T09:27:10+00:00","og_image":[{"width":1080,"height":1350,"url":"https:\/\/tissi.de\/wp-content\/uploads\/2024\/10\/lernturm-felix-kueche.jpg","type":"image\/jpeg"}],"author":"Michael Zschische","twitter_card":"summary_large_image","twitter_misc":{"Skriven av":"Michael Zschische","Ber\u00e4knad l\u00e4stid":"3 minuter"},"schema":{"@context":"https:\/\/schema.org","@graph":[{"@type":"Article","@id":"https:\/\/tissi.de\/sv\/laerande-i-koeket-saa-blir-vardagen-en-trygg-upplevelse-foer-hela-familjen\/#article","isPartOf":{"@id":"https:\/\/tissi.de\/sv\/laerande-i-koeket-saa-blir-vardagen-en-trygg-upplevelse-foer-hela-familjen\/"},"author":{"name":"Michael Zschische","@id":"https:\/\/tissi.de\/sv\/#\/schema\/person\/73ec827968169076ba2089ff07f536fe"},"headline":"L\u00e4rande i k\u00f6ket: S\u00e5 blir vardagen en trygg upplevelse f\u00f6r hela familjen","datePublished":"2024-11-12T07:00:05+00:00","dateModified":"2026-08-24T09:27:10+00:00","mainEntityOfPage":{"@id":"https:\/\/tissi.de\/sv\/laerande-i-koeket-saa-blir-vardagen-en-trygg-upplevelse-foer-hela-familjen\/"},"wordCount":695,"publisher":{"@id":"https:\/\/tissi.de\/sv\/#organization"},"image":{"@id":"https:\/\/tissi.de\/sv\/laerande-i-koeket-saa-blir-vardagen-en-trygg-upplevelse-foer-hela-familjen\/#primaryimage"},"thumbnailUrl":"https:\/\/tissi.de\/wp-content\/uploads\/2024\/10\/lernturm-felix-kueche.jpg","articleSection":["Okategoriserad"],"inLanguage":"sv-SE"},{"@type":"WebPage","@id":"https:\/\/tissi.de\/sv\/laerande-i-koeket-saa-blir-vardagen-en-trygg-upplevelse-foer-hela-familjen\/","url":"https:\/\/tissi.de\/sv\/laerande-i-koeket-saa-blir-vardagen-en-trygg-upplevelse-foer-hela-familjen\/","name":"L\u00e4rande i k\u00f6ket: S\u00e5 blir vardagen en trygg upplevelse f\u00f6r hela familjen - tiSsi\u00ae","isPartOf":{"@id":"https:\/\/tissi.de\/sv\/#website"},"primaryImageOfPage":{"@id":"https:\/\/tissi.de\/sv\/laerande-i-koeket-saa-blir-vardagen-en-trygg-upplevelse-foer-hela-familjen\/#primaryimage"},"image":{"@id":"https:\/\/tissi.de\/sv\/laerande-i-koeket-saa-blir-vardagen-en-trygg-upplevelse-foer-hela-familjen\/#primaryimage"},"thumbnailUrl":"https:\/\/tissi.de\/wp-content\/uploads\/2024\/10\/lernturm-felix-kueche.jpg","datePublished":"2024-11-12T07:00:05+00:00","dateModified":"2026-08-24T09:27:10+00:00","breadcrumb":{"@id":"https:\/\/tissi.de\/sv\/laerande-i-koeket-saa-blir-vardagen-en-trygg-upplevelse-foer-hela-familjen\/#breadcrumb"},"inLanguage":"sv-SE","potentialAction":[{"@type":"ReadAction","target":["https:\/\/tissi.de\/sv\/laerande-i-koeket-saa-blir-vardagen-en-trygg-upplevelse-foer-hela-familjen\/"]}]},{"@type":"ImageObject","inLanguage":"sv-SE","@id":"https:\/\/tissi.de\/sv\/laerande-i-koeket-saa-blir-vardagen-en-trygg-upplevelse-foer-hela-familjen\/#primaryimage","url":"https:\/\/tissi.de\/wp-content\/uploads\/2024\/10\/lernturm-felix-kueche.jpg","contentUrl":"https:\/\/tissi.de\/wp-content\/uploads\/2024\/10\/lernturm-felix-kueche.jpg","width":1080,"height":1350,"caption":"Child in overalls stands on yellow stool facing teddy bear on counter."},{"@type":"BreadcrumbList","@id":"https:\/\/tissi.de\/sv\/laerande-i-koeket-saa-blir-vardagen-en-trygg-upplevelse-foer-hela-familjen\/#breadcrumb","itemListElement":[{"@type":"ListItem","position":1,"name":"Startseite","item":"https:\/\/tissi.de\/sv\/hem\/"},{"@type":"ListItem","position":2,"name":"L\u00e4rande i k\u00f6ket: S\u00e5 blir vardagen en trygg upplevelse f\u00f6r hela familjen"}]},{"@type":"WebSite","@id":"https:\/\/tissi.de\/sv\/#website","url":"https:\/\/tissi.de\/sv\/","name":"tiSsi\u00ae","description":"Familie beginnt mit uns! Lernturm, Hochstuhl, Kinderm\u00f6bel, Laufgitter","publisher":{"@id":"https:\/\/tissi.de\/sv\/#organization"},"potentialAction":[{"@type":"SearchAction","target":{"@type":"EntryPoint","urlTemplate":"https:\/\/tissi.de\/sv\/?s={search_term_string}"},"query-input":{"@type":"PropertyValueSpecification","valueRequired":true,"valueName":"search_term_string"}}],"inLanguage":"sv-SE"},{"@type":"Organization","@id":"https:\/\/tissi.de\/sv\/#organization","name":"M.J. Oster GmbH","url":"https:\/\/tissi.de\/sv\/","logo":{"@type":"ImageObject","inLanguage":"sv-SE","@id":"https:\/\/tissi.de\/sv\/#\/schema\/logo\/image\/","url":"https:\/\/tissi.de\/wp-content\/uploads\/2022\/04\/tissi-logo.webp","contentUrl":"https:\/\/tissi.de\/wp-content\/uploads\/2022\/04\/tissi-logo.webp","width":300,"height":173,"caption":"M.J. Oster GmbH"},"image":{"@id":"https:\/\/tissi.de\/sv\/#\/schema\/logo\/image\/"},"sameAs":["https:\/\/de-de.facebook.com\/tiSsikids\/","https:\/\/www.instagram.com\/tissi_kids\/"]},{"@type":"Person","@id":"https:\/\/tissi.de\/sv\/#\/schema\/person\/73ec827968169076ba2089ff07f536fe","name":"Michael Zschische","image":{"@type":"ImageObject","inLanguage":"sv-SE","@id":"https:\/\/secure.gravatar.com\/avatar\/4325677e1eafd40541e30b2173bb41d8df3d26ba55e6c228588bc3055b4d6f5d?s=96&d=mm&r=g","url":"https:\/\/secure.gravatar.com\/avatar\/4325677e1eafd40541e30b2173bb41d8df3d26ba55e6c228588bc3055b4d6f5d?s=96&d=mm&r=g","contentUrl":"https:\/\/secure.gravatar.com\/avatar\/4325677e1eafd40541e30b2173bb41d8df3d26ba55e6c228588bc3055b4d6f5d?s=96&d=mm&r=g","caption":"Michael Zschische"},"url":"https:\/\/tissi.de\/sv\/author\/zschiescheklimekschneider-com\/"}]}},"jetpack_sharing_enabled":true,"jetpack_featured_media_url":"https:\/\/tissi.de\/wp-content\/uploads\/2024\/10\/lernturm-felix-kueche.jpg","_links":{"self":[{"href":"https:\/\/tissi.de\/sv\/wp-json\/wp\/v2\/posts\/60029","targetHints":{"allow":["GET"]}}],"collection":[{"href":"https:\/\/tissi.de\/sv\/wp-json\/wp\/v2\/posts"}],"about":[{"href":"https:\/\/tissi.de\/sv\/wp-json\/wp\/v2\/types\/post"}],"author":[{"embeddable":true,"href":"https:\/\/tissi.de\/sv\/wp-json\/wp\/v2\/users\/155"}],"replies":[{"embeddable":true,"href":"https:\/\/tissi.de\/sv\/wp-json\/wp\/v2\/comments?post=60029"}],"version-history":[{"count":2,"href":"https:\/\/tissi.de\/sv\/wp-json\/wp\/v2\/posts\/60029\/revisions"}],"predecessor-version":[{"id":60032,"href":"https:\/\/tissi.de\/sv\/wp-json\/wp\/v2\/posts\/60029\/revisions\/60032"}],"wp:featuredmedia":[{"embeddable":true,"href":"https:\/\/tissi.de\/sv\/wp-json\/wp\/v2\/media\/6690"}],"wp:attachment":[{"href":"https:\/\/tissi.de\/sv\/wp-json\/wp\/v2\/media?parent=60029"}],"wp:term":[{"taxonomy":"category","embeddable":true,"href":"https:\/\/tissi.de\/sv\/wp-json\/wp\/v2\/categories?post=60029"},{"taxonomy":"post_tag","embeddable":true,"href":"https:\/\/tissi.de\/sv\/wp-json\/wp\/v2\/tags?post=60029"}],"curies":[{"name":"wp","href":"https:\/\/api.w.org\/{rel}","templated":true}]}}