{"id":60033,"date":"2024-06-09T20:48:19","date_gmt":"2024-06-09T18:48:19","guid":{"rendered":"https:\/\/tissi.de\/bakaatvaenda-barnstolar-saekerheten-i-foersta-hand\/"},"modified":"2026-08-24T11:27:14","modified_gmt":"2026-08-24T09:27:14","slug":"bakaatvaenda-barnstolar-saekerheten-i-foersta-hand","status":"publish","type":"post","link":"https:\/\/tissi.de\/sv\/bakaatvaenda-barnstolar-saekerheten-i-foersta-hand\/","title":{"rendered":"Bak\u00e5tv\u00e4nda barnstolar: S\u00e4kerheten i f\u00f6rsta hand"},"content":{"rendered":"<div class=\"wpb-content-wrapper\" id=\"wpb-content-root\"><p>[vc_row][vc_column][vc_column_text css=&#8221;&#8221;]<\/p>\n<h2>Bak\u00e5tv\u00e4nda barnstolar: S\u00e4kerheten i f\u00f6rsta rummet<\/h2>\n<h2><\/h2>\n<p>Barnens s\u00e4kerhet i bilen \u00e4r av st\u00f6rsta vikt, och valet av r\u00e4tt bilbarnstol kan g\u00f6ra den avg\u00f6rande skillnaden. Ett av de s\u00e4kraste alternativen f\u00f6r att transportera barn \u00e4r bak\u00e5tv\u00e4nda bilbarnstolar. Men varf\u00f6r \u00e4r dessa stolar s\u00e5 f\u00f6rdelaktiga? H\u00e4r \u00e4r n\u00e5gra sk\u00e4l som talar f\u00f6r att k\u00f6pa en bak\u00e5tv\u00e4nd bilbarnstol:   <\/p>\n<h4>1. B\u00e4ttre skydd vid olyckor<\/h4>\n<p>Bak\u00e5tv\u00e4nda barnstolar, \u00e4ven kallade reboarders, ger b\u00e4ttre skydd f\u00f6r barnens k\u00e4nsliga huvud och nacke. Vid en frontalkollision \u2013 den vanligaste och ofta allvarligaste typen av olycka \u2013 f\u00f6rdelas kollisionsenergin j\u00e4mnt \u00f6ver hela barnets rygg. Detta minskar risken f\u00f6r allvarliga skador j\u00e4mf\u00f6rt med fram\u00e5tv\u00e4nda bilbarnstolar, d\u00e4r barnets huvud slungas fram\u00e5t.  <\/p>\n<h4>2. Rekommendationer fr\u00e5n s\u00e4kerhetsexperter<\/h4>\n<p>M\u00e5nga s\u00e4kerhetsexperter och organisationer, s\u00e5som American Academy of Pediatrics och det tyska trafikministeriet, rekommenderar att barn ska \u00e5ka bak\u00e5tv\u00e4nda s\u00e5 l\u00e4nge som m\u00f6jligt. Studier har visat att barn \u00e4r upp till fem g\u00e5nger s\u00e4krare n\u00e4r de \u00e5ker bak\u00e5tv\u00e4nda. <\/p>\n<h4>3. F\u00f6rb\u00e4ttrad benutveckling<\/h4>\n<p>\u00d6verg\u00e5ngen till en fram\u00e5tv\u00e4nd bilbarnstol b\u00f6r inte ske f\u00f6rr\u00e4n barnets benstomme \u00e4r tillr\u00e4ckligt stark f\u00f6r att klara p\u00e5frestningarna vid en olycka. Bak\u00e5tv\u00e4nda bilbarnstolar fr\u00e4mjar den naturliga utvecklingen och ger extra skydd tills barnets skelett har blivit mer motst\u00e5ndskraftigt. <\/p>\n<h4>Sammanfattning<\/h4>\n<p>Bak\u00e5tv\u00e4nda bilbarnstolar \u00e4r ett av de s\u00e4kraste s\u00e4tten att transportera barn i bilen. De erbjuder \u00f6verl\u00e4gset skydd vid olyckor, fr\u00e4mjar en sund utveckling och \u00e4r en l\u00e5ngsiktig investering i ditt barns s\u00e4kerhet. F\u00f6r\u00e4ldrar b\u00f6r d\u00e4rf\u00f6r \u00f6verv\u00e4ga att l\u00e5ta sina barn \u00e5ka bak\u00e5tv\u00e4nda s\u00e5 l\u00e4nge som m\u00f6jligt f\u00f6r att minimera olycksrisken och maximera s\u00e4kerheten.  <\/p>\n<p style=\"text-align: center;\">Mer information om bak\u00e5tv\u00e4nda bilbarnstolar hittar ni hos <a href=\"http:\/\/www.axkid.de\" target=\"_blank\" rel=\"noopener\">axkid<\/a>!<\/p>\n<p>[\/vc_column_text][vc_single_image image=&#8221;60034&#8243; img_size=&#8221;post_img&#8221; add_caption=&#8221;yes&#8221; css=&#8221;&#8221;][\/vc_column][\/vc_row]<\/p>\n<\/div>","protected":false},"excerpt":{"rendered":"<p>[vc_row][vc_column][vc_column_text css=&#8221;&#8221;] Bak\u00e5tv\u00e4nda barnstolar: S\u00e4kerheten i f\u00f6rsta rummet Barnens s\u00e4kerhet i bilen \u00e4r av st\u00f6rsta vikt, och valet av r\u00e4tt bilbarnstol kan g\u00f6ra den avg\u00f6rande skillnaden. Ett av de s\u00e4kraste alternativen f\u00f6r att transportera barn \u00e4r bak\u00e5tv\u00e4nda bilbarnstolar. Men varf\u00f6r \u00e4r dessa stolar s\u00e5 f\u00f6rdelaktiga? H\u00e4r \u00e4r n\u00e5gra sk\u00e4l som talar f\u00f6r att k\u00f6pa en [&hellip;]<\/p>\n","protected":false},"author":155,"featured_media":5583,"comment_status":"closed","ping_status":"closed","sticky":false,"template":"","format":"standard","meta":{"_acf_changed":false,"inline_featured_image":false,"_jetpack_newsletter_access":"","_jetpack_dont_email_post_to_subs":false,"_jetpack_newsletter_tier_id":0,"_jetpack_memberships_contains_paywalled_content":false,"_jetpack_feature_clip_id":0,"_jetpack_memberships_contains_paid_content":false,"footnotes":"","jetpack_post_was_ever_published":false},"categories":[718],"tags":[],"class_list":["post-60033","post","type-post","status-publish","format-standard","has-post-thumbnail","hentry","category-okategoriserad"],"acf":[],"yoast_head":"<!-- This site is optimized with the Yoast SEO plugin v28.3 - https:\/\/yoast.com\/product\/yoast-seo-wordpress\/ -->\n<title>Bak\u00e5tv\u00e4nda barnstolar: S\u00e4kerheten i f\u00f6rsta hand - tiSsi\u00ae<\/title>\n<meta name=\"robots\" content=\"index, follow, max-snippet:-1, max-image-preview:large, max-video-preview:-1\" \/>\n<link rel=\"canonical\" href=\"https:\/\/tissi.de\/sv\/bakaatvaenda-barnstolar-saekerheten-i-foersta-hand\/\" \/>\n<meta property=\"og:locale\" content=\"sv_SE\" \/>\n<meta property=\"og:type\" content=\"article\" \/>\n<meta property=\"og:title\" content=\"Bak\u00e5tv\u00e4nda barnstolar: S\u00e4kerheten i f\u00f6rsta hand - tiSsi\u00ae\" \/>\n<meta property=\"og:description\" content=\"[vc_row][vc_column][vc_column_text css=&#8221;&#8221;] Bak\u00e5tv\u00e4nda barnstolar: S\u00e4kerheten i f\u00f6rsta rummet Barnens s\u00e4kerhet i bilen \u00e4r av st\u00f6rsta vikt, och valet av r\u00e4tt bilbarnstol kan g\u00f6ra den avg\u00f6rande skillnaden. Ett av de s\u00e4kraste alternativen f\u00f6r att transportera barn \u00e4r bak\u00e5tv\u00e4nda bilbarnstolar. Men varf\u00f6r \u00e4r dessa stolar s\u00e5 f\u00f6rdelaktiga? H\u00e4r \u00e4r n\u00e5gra sk\u00e4l som talar f\u00f6r att k\u00f6pa en [&hellip;]\" \/>\n<meta property=\"og:url\" content=\"https:\/\/tissi.de\/sv\/bakaatvaenda-barnstolar-saekerheten-i-foersta-hand\/\" \/>\n<meta property=\"og:site_name\" content=\"tiSsi\u00ae\" \/>\n<meta property=\"article:publisher\" content=\"https:\/\/de-de.facebook.com\/tiSsikids\/\" \/>\n<meta property=\"article:published_time\" content=\"2024-06-09T18:48:19+00:00\" \/>\n<meta property=\"article:modified_time\" content=\"2026-08-24T09:27:14+00:00\" \/>\n<meta property=\"og:image\" content=\"https:\/\/tissi.de\/wp-content\/uploads\/2024\/06\/axkid.jpg\" \/>\n\t<meta property=\"og:image:width\" content=\"800\" \/>\n\t<meta property=\"og:image:height\" content=\"853\" \/>\n\t<meta property=\"og:image:type\" content=\"image\/jpeg\" \/>\n<meta name=\"author\" content=\"Michael Zschische\" \/>\n<meta name=\"twitter:card\" content=\"summary_large_image\" \/>\n<meta name=\"twitter:label1\" content=\"Skriven av\" \/>\n\t<meta name=\"twitter:data1\" content=\"Michael Zschische\" \/>\n\t<meta name=\"twitter:label2\" content=\"Ber\u00e4knad l\u00e4stid\" \/>\n\t<meta name=\"twitter:data2\" content=\"2 minuter\" \/>\n<script type=\"application\/ld+json\" class=\"yoast-schema-graph\">{\"@context\":\"https:\\\/\\\/schema.org\",\"@graph\":[{\"@type\":\"Article\",\"@id\":\"https:\\\/\\\/tissi.de\\\/sv\\\/bakaatvaenda-barnstolar-saekerheten-i-foersta-hand\\\/#article\",\"isPartOf\":{\"@id\":\"https:\\\/\\\/tissi.de\\\/sv\\\/bakaatvaenda-barnstolar-saekerheten-i-foersta-hand\\\/\"},\"author\":{\"name\":\"Michael Zschische\",\"@id\":\"https:\\\/\\\/tissi.de\\\/sv\\\/#\\\/schema\\\/person\\\/73ec827968169076ba2089ff07f536fe\"},\"headline\":\"Bak\u00e5tv\u00e4nda barnstolar: S\u00e4kerheten i f\u00f6rsta hand\",\"datePublished\":\"2024-06-09T18:48:19+00:00\",\"dateModified\":\"2026-08-24T09:27:14+00:00\",\"mainEntityOfPage\":{\"@id\":\"https:\\\/\\\/tissi.de\\\/sv\\\/bakaatvaenda-barnstolar-saekerheten-i-foersta-hand\\\/\"},\"wordCount\":376,\"publisher\":{\"@id\":\"https:\\\/\\\/tissi.de\\\/sv\\\/#organization\"},\"image\":{\"@id\":\"https:\\\/\\\/tissi.de\\\/sv\\\/bakaatvaenda-barnstolar-saekerheten-i-foersta-hand\\\/#primaryimage\"},\"thumbnailUrl\":\"https:\\\/\\\/tissi.de\\\/wp-content\\\/uploads\\\/2024\\\/06\\\/axkid.jpg\",\"articleSection\":[\"Okategoriserad\"],\"inLanguage\":\"sv-SE\"},{\"@type\":\"WebPage\",\"@id\":\"https:\\\/\\\/tissi.de\\\/sv\\\/bakaatvaenda-barnstolar-saekerheten-i-foersta-hand\\\/\",\"url\":\"https:\\\/\\\/tissi.de\\\/sv\\\/bakaatvaenda-barnstolar-saekerheten-i-foersta-hand\\\/\",\"name\":\"Bak\u00e5tv\u00e4nda barnstolar: S\u00e4kerheten i f\u00f6rsta hand - tiSsi\u00ae\",\"isPartOf\":{\"@id\":\"https:\\\/\\\/tissi.de\\\/sv\\\/#website\"},\"primaryImageOfPage\":{\"@id\":\"https:\\\/\\\/tissi.de\\\/sv\\\/bakaatvaenda-barnstolar-saekerheten-i-foersta-hand\\\/#primaryimage\"},\"image\":{\"@id\":\"https:\\\/\\\/tissi.de\\\/sv\\\/bakaatvaenda-barnstolar-saekerheten-i-foersta-hand\\\/#primaryimage\"},\"thumbnailUrl\":\"https:\\\/\\\/tissi.de\\\/wp-content\\\/uploads\\\/2024\\\/06\\\/axkid.jpg\",\"datePublished\":\"2024-06-09T18:48:19+00:00\",\"dateModified\":\"2026-08-24T09:27:14+00:00\",\"breadcrumb\":{\"@id\":\"https:\\\/\\\/tissi.de\\\/sv\\\/bakaatvaenda-barnstolar-saekerheten-i-foersta-hand\\\/#breadcrumb\"},\"inLanguage\":\"sv-SE\",\"potentialAction\":[{\"@type\":\"ReadAction\",\"target\":[\"https:\\\/\\\/tissi.de\\\/sv\\\/bakaatvaenda-barnstolar-saekerheten-i-foersta-hand\\\/\"]}]},{\"@type\":\"ImageObject\",\"inLanguage\":\"sv-SE\",\"@id\":\"https:\\\/\\\/tissi.de\\\/sv\\\/bakaatvaenda-barnstolar-saekerheten-i-foersta-hand\\\/#primaryimage\",\"url\":\"https:\\\/\\\/tissi.de\\\/wp-content\\\/uploads\\\/2024\\\/06\\\/axkid.jpg\",\"contentUrl\":\"https:\\\/\\\/tissi.de\\\/wp-content\\\/uploads\\\/2024\\\/06\\\/axkid.jpg\",\"width\":800,\"height\":853,\"caption\":\"Child sitting happily in a car seat inside an open car.\"},{\"@type\":\"BreadcrumbList\",\"@id\":\"https:\\\/\\\/tissi.de\\\/sv\\\/bakaatvaenda-barnstolar-saekerheten-i-foersta-hand\\\/#breadcrumb\",\"itemListElement\":[{\"@type\":\"ListItem\",\"position\":1,\"name\":\"Startseite\",\"item\":\"https:\\\/\\\/tissi.de\\\/sv\\\/hem\\\/\"},{\"@type\":\"ListItem\",\"position\":2,\"name\":\"Bak\u00e5tv\u00e4nda barnstolar: S\u00e4kerheten i f\u00f6rsta hand\"}]},{\"@type\":\"WebSite\",\"@id\":\"https:\\\/\\\/tissi.de\\\/sv\\\/#website\",\"url\":\"https:\\\/\\\/tissi.de\\\/sv\\\/\",\"name\":\"tiSsi\u00ae\",\"description\":\"Familie beginnt mit uns! Lernturm, Hochstuhl, Kinderm\u00f6bel, Laufgitter\",\"publisher\":{\"@id\":\"https:\\\/\\\/tissi.de\\\/sv\\\/#organization\"},\"potentialAction\":[{\"@type\":\"SearchAction\",\"target\":{\"@type\":\"EntryPoint\",\"urlTemplate\":\"https:\\\/\\\/tissi.de\\\/sv\\\/?s={search_term_string}\"},\"query-input\":{\"@type\":\"PropertyValueSpecification\",\"valueRequired\":true,\"valueName\":\"search_term_string\"}}],\"inLanguage\":\"sv-SE\"},{\"@type\":\"Organization\",\"@id\":\"https:\\\/\\\/tissi.de\\\/sv\\\/#organization\",\"name\":\"M.J. Oster GmbH\",\"url\":\"https:\\\/\\\/tissi.de\\\/sv\\\/\",\"logo\":{\"@type\":\"ImageObject\",\"inLanguage\":\"sv-SE\",\"@id\":\"https:\\\/\\\/tissi.de\\\/sv\\\/#\\\/schema\\\/logo\\\/image\\\/\",\"url\":\"https:\\\/\\\/tissi.de\\\/wp-content\\\/uploads\\\/2022\\\/04\\\/tissi-logo.webp\",\"contentUrl\":\"https:\\\/\\\/tissi.de\\\/wp-content\\\/uploads\\\/2022\\\/04\\\/tissi-logo.webp\",\"width\":300,\"height\":173,\"caption\":\"M.J. Oster GmbH\"},\"image\":{\"@id\":\"https:\\\/\\\/tissi.de\\\/sv\\\/#\\\/schema\\\/logo\\\/image\\\/\"},\"sameAs\":[\"https:\\\/\\\/de-de.facebook.com\\\/tiSsikids\\\/\",\"https:\\\/\\\/www.instagram.com\\\/tissi_kids\\\/\"]},{\"@type\":\"Person\",\"@id\":\"https:\\\/\\\/tissi.de\\\/sv\\\/#\\\/schema\\\/person\\\/73ec827968169076ba2089ff07f536fe\",\"name\":\"Michael Zschische\",\"image\":{\"@type\":\"ImageObject\",\"inLanguage\":\"sv-SE\",\"@id\":\"https:\\\/\\\/secure.gravatar.com\\\/avatar\\\/4325677e1eafd40541e30b2173bb41d8df3d26ba55e6c228588bc3055b4d6f5d?s=96&d=mm&r=g\",\"url\":\"https:\\\/\\\/secure.gravatar.com\\\/avatar\\\/4325677e1eafd40541e30b2173bb41d8df3d26ba55e6c228588bc3055b4d6f5d?s=96&d=mm&r=g\",\"contentUrl\":\"https:\\\/\\\/secure.gravatar.com\\\/avatar\\\/4325677e1eafd40541e30b2173bb41d8df3d26ba55e6c228588bc3055b4d6f5d?s=96&d=mm&r=g\",\"caption\":\"Michael Zschische\"},\"url\":\"https:\\\/\\\/tissi.de\\\/sv\\\/author\\\/zschiescheklimekschneider-com\\\/\"}]}<\/script>\n<!-- \/ Yoast SEO plugin. -->","yoast_head_json":{"title":"Bak\u00e5tv\u00e4nda barnstolar: S\u00e4kerheten i f\u00f6rsta hand - tiSsi\u00ae","robots":{"index":"index","follow":"follow","max-snippet":"max-snippet:-1","max-image-preview":"max-image-preview:large","max-video-preview":"max-video-preview:-1"},"canonical":"https:\/\/tissi.de\/sv\/bakaatvaenda-barnstolar-saekerheten-i-foersta-hand\/","og_locale":"sv_SE","og_type":"article","og_title":"Bak\u00e5tv\u00e4nda barnstolar: S\u00e4kerheten i f\u00f6rsta hand - tiSsi\u00ae","og_description":"[vc_row][vc_column][vc_column_text css=&#8221;&#8221;] Bak\u00e5tv\u00e4nda barnstolar: S\u00e4kerheten i f\u00f6rsta rummet Barnens s\u00e4kerhet i bilen \u00e4r av st\u00f6rsta vikt, och valet av r\u00e4tt bilbarnstol kan g\u00f6ra den avg\u00f6rande skillnaden. Ett av de s\u00e4kraste alternativen f\u00f6r att transportera barn \u00e4r bak\u00e5tv\u00e4nda bilbarnstolar. Men varf\u00f6r \u00e4r dessa stolar s\u00e5 f\u00f6rdelaktiga? H\u00e4r \u00e4r n\u00e5gra sk\u00e4l som talar f\u00f6r att k\u00f6pa en [&hellip;]","og_url":"https:\/\/tissi.de\/sv\/bakaatvaenda-barnstolar-saekerheten-i-foersta-hand\/","og_site_name":"tiSsi\u00ae","article_publisher":"https:\/\/de-de.facebook.com\/tiSsikids\/","article_published_time":"2024-06-09T18:48:19+00:00","article_modified_time":"2026-08-24T09:27:14+00:00","og_image":[{"width":800,"height":853,"url":"https:\/\/tissi.de\/wp-content\/uploads\/2024\/06\/axkid.jpg","type":"image\/jpeg"}],"author":"Michael Zschische","twitter_card":"summary_large_image","twitter_misc":{"Skriven av":"Michael Zschische","Ber\u00e4knad l\u00e4stid":"2 minuter"},"schema":{"@context":"https:\/\/schema.org","@graph":[{"@type":"Article","@id":"https:\/\/tissi.de\/sv\/bakaatvaenda-barnstolar-saekerheten-i-foersta-hand\/#article","isPartOf":{"@id":"https:\/\/tissi.de\/sv\/bakaatvaenda-barnstolar-saekerheten-i-foersta-hand\/"},"author":{"name":"Michael Zschische","@id":"https:\/\/tissi.de\/sv\/#\/schema\/person\/73ec827968169076ba2089ff07f536fe"},"headline":"Bak\u00e5tv\u00e4nda barnstolar: S\u00e4kerheten i f\u00f6rsta hand","datePublished":"2024-06-09T18:48:19+00:00","dateModified":"2026-08-24T09:27:14+00:00","mainEntityOfPage":{"@id":"https:\/\/tissi.de\/sv\/bakaatvaenda-barnstolar-saekerheten-i-foersta-hand\/"},"wordCount":376,"publisher":{"@id":"https:\/\/tissi.de\/sv\/#organization"},"image":{"@id":"https:\/\/tissi.de\/sv\/bakaatvaenda-barnstolar-saekerheten-i-foersta-hand\/#primaryimage"},"thumbnailUrl":"https:\/\/tissi.de\/wp-content\/uploads\/2024\/06\/axkid.jpg","articleSection":["Okategoriserad"],"inLanguage":"sv-SE"},{"@type":"WebPage","@id":"https:\/\/tissi.de\/sv\/bakaatvaenda-barnstolar-saekerheten-i-foersta-hand\/","url":"https:\/\/tissi.de\/sv\/bakaatvaenda-barnstolar-saekerheten-i-foersta-hand\/","name":"Bak\u00e5tv\u00e4nda barnstolar: S\u00e4kerheten i f\u00f6rsta hand - tiSsi\u00ae","isPartOf":{"@id":"https:\/\/tissi.de\/sv\/#website"},"primaryImageOfPage":{"@id":"https:\/\/tissi.de\/sv\/bakaatvaenda-barnstolar-saekerheten-i-foersta-hand\/#primaryimage"},"image":{"@id":"https:\/\/tissi.de\/sv\/bakaatvaenda-barnstolar-saekerheten-i-foersta-hand\/#primaryimage"},"thumbnailUrl":"https:\/\/tissi.de\/wp-content\/uploads\/2024\/06\/axkid.jpg","datePublished":"2024-06-09T18:48:19+00:00","dateModified":"2026-08-24T09:27:14+00:00","breadcrumb":{"@id":"https:\/\/tissi.de\/sv\/bakaatvaenda-barnstolar-saekerheten-i-foersta-hand\/#breadcrumb"},"inLanguage":"sv-SE","potentialAction":[{"@type":"ReadAction","target":["https:\/\/tissi.de\/sv\/bakaatvaenda-barnstolar-saekerheten-i-foersta-hand\/"]}]},{"@type":"ImageObject","inLanguage":"sv-SE","@id":"https:\/\/tissi.de\/sv\/bakaatvaenda-barnstolar-saekerheten-i-foersta-hand\/#primaryimage","url":"https:\/\/tissi.de\/wp-content\/uploads\/2024\/06\/axkid.jpg","contentUrl":"https:\/\/tissi.de\/wp-content\/uploads\/2024\/06\/axkid.jpg","width":800,"height":853,"caption":"Child sitting happily in a car seat inside an open car."},{"@type":"BreadcrumbList","@id":"https:\/\/tissi.de\/sv\/bakaatvaenda-barnstolar-saekerheten-i-foersta-hand\/#breadcrumb","itemListElement":[{"@type":"ListItem","position":1,"name":"Startseite","item":"https:\/\/tissi.de\/sv\/hem\/"},{"@type":"ListItem","position":2,"name":"Bak\u00e5tv\u00e4nda barnstolar: S\u00e4kerheten i f\u00f6rsta hand"}]},{"@type":"WebSite","@id":"https:\/\/tissi.de\/sv\/#website","url":"https:\/\/tissi.de\/sv\/","name":"tiSsi\u00ae","description":"Familie beginnt mit uns! Lernturm, Hochstuhl, Kinderm\u00f6bel, Laufgitter","publisher":{"@id":"https:\/\/tissi.de\/sv\/#organization"},"potentialAction":[{"@type":"SearchAction","target":{"@type":"EntryPoint","urlTemplate":"https:\/\/tissi.de\/sv\/?s={search_term_string}"},"query-input":{"@type":"PropertyValueSpecification","valueRequired":true,"valueName":"search_term_string"}}],"inLanguage":"sv-SE"},{"@type":"Organization","@id":"https:\/\/tissi.de\/sv\/#organization","name":"M.J. Oster GmbH","url":"https:\/\/tissi.de\/sv\/","logo":{"@type":"ImageObject","inLanguage":"sv-SE","@id":"https:\/\/tissi.de\/sv\/#\/schema\/logo\/image\/","url":"https:\/\/tissi.de\/wp-content\/uploads\/2022\/04\/tissi-logo.webp","contentUrl":"https:\/\/tissi.de\/wp-content\/uploads\/2022\/04\/tissi-logo.webp","width":300,"height":173,"caption":"M.J. Oster GmbH"},"image":{"@id":"https:\/\/tissi.de\/sv\/#\/schema\/logo\/image\/"},"sameAs":["https:\/\/de-de.facebook.com\/tiSsikids\/","https:\/\/www.instagram.com\/tissi_kids\/"]},{"@type":"Person","@id":"https:\/\/tissi.de\/sv\/#\/schema\/person\/73ec827968169076ba2089ff07f536fe","name":"Michael Zschische","image":{"@type":"ImageObject","inLanguage":"sv-SE","@id":"https:\/\/secure.gravatar.com\/avatar\/4325677e1eafd40541e30b2173bb41d8df3d26ba55e6c228588bc3055b4d6f5d?s=96&d=mm&r=g","url":"https:\/\/secure.gravatar.com\/avatar\/4325677e1eafd40541e30b2173bb41d8df3d26ba55e6c228588bc3055b4d6f5d?s=96&d=mm&r=g","contentUrl":"https:\/\/secure.gravatar.com\/avatar\/4325677e1eafd40541e30b2173bb41d8df3d26ba55e6c228588bc3055b4d6f5d?s=96&d=mm&r=g","caption":"Michael Zschische"},"url":"https:\/\/tissi.de\/sv\/author\/zschiescheklimekschneider-com\/"}]}},"jetpack_sharing_enabled":true,"jetpack_featured_media_url":"https:\/\/tissi.de\/wp-content\/uploads\/2024\/06\/axkid.jpg","_links":{"self":[{"href":"https:\/\/tissi.de\/sv\/wp-json\/wp\/v2\/posts\/60033","targetHints":{"allow":["GET"]}}],"collection":[{"href":"https:\/\/tissi.de\/sv\/wp-json\/wp\/v2\/posts"}],"about":[{"href":"https:\/\/tissi.de\/sv\/wp-json\/wp\/v2\/types\/post"}],"author":[{"embeddable":true,"href":"https:\/\/tissi.de\/sv\/wp-json\/wp\/v2\/users\/155"}],"replies":[{"embeddable":true,"href":"https:\/\/tissi.de\/sv\/wp-json\/wp\/v2\/comments?post=60033"}],"version-history":[{"count":3,"href":"https:\/\/tissi.de\/sv\/wp-json\/wp\/v2\/posts\/60033\/revisions"}],"predecessor-version":[{"id":60038,"href":"https:\/\/tissi.de\/sv\/wp-json\/wp\/v2\/posts\/60033\/revisions\/60038"}],"wp:featuredmedia":[{"embeddable":true,"href":"https:\/\/tissi.de\/sv\/wp-json\/wp\/v2\/media\/5583"}],"wp:attachment":[{"href":"https:\/\/tissi.de\/sv\/wp-json\/wp\/v2\/media?parent=60033"}],"wp:term":[{"taxonomy":"category","embeddable":true,"href":"https:\/\/tissi.de\/sv\/wp-json\/wp\/v2\/categories?post=60033"},{"taxonomy":"post_tag","embeddable":true,"href":"https:\/\/tissi.de\/sv\/wp-json\/wp\/v2\/tags?post=60033"}],"curies":[{"name":"wp","href":"https:\/\/api.w.org\/{rel}","templated":true}]}}