{"id":60055,"date":"2022-05-19T12:43:26","date_gmt":"2022-05-19T10:43:26","guid":{"rendered":"https:\/\/tissi.de\/extrasaengar\/"},"modified":"2026-08-24T11:27:23","modified_gmt":"2026-08-24T09:27:23","slug":"extrasaengar","status":"publish","type":"post","link":"https:\/\/tissi.de\/sv\/extrasaengar\/","title":{"rendered":"Extras\u00e4ngar"},"content":{"rendered":"<div class=\"wpb-content-wrapper\" id=\"wpb-content-root\"><p>[vc_row][vc_column][vc_column_text css=&#8221;&#8221;]<\/p>\n<h2>F\u00f6rdelarna med babys\u00e4ngen<\/h2>\n<p>Extras\u00e4ngar \u00e4r egentligen ingen ny uppfinning, och \u00e4nd\u00e5 v\u00e4xer marknaden f\u00f6r dessa s\u00e4ngar mer och mer f\u00f6r varje \u00e5r. Det \u00e4r f\u00f6rst\u00e5eligt, f\u00f6r ibland m\u00e4rker man att bepr\u00f6vade id\u00e9er och l\u00f6sningar \u00e4ven i dag \u00e4r bra \u2013 och kanske till och med b\u00e4ttre \u2013 \u00e4n j\u00e4mf\u00f6rbara alternativ. Extras\u00e4ngen har redan i \u00e5rtionden varit s\u00e4rskilt popul\u00e4r under de f\u00f6rsta veckorna med en nyf\u00f6dd, men s\u00e4ngen kan \u00e4ven anv\u00e4ndas en tid d\u00e4refter, n\u00e4r barnet \u00e4r n\u00e5gra m\u00e5nader gammalt. I f\u00f6ljande artikel sammanfattar vi alla f\u00f6rdelar med extras\u00e4ngar f\u00f6r ditt barn.   <\/p>\n<h2>Extras\u00e4ngar f\u00f6r \u00f6kad s\u00e4kerhet i b\u00f6rjan<\/h2>\n<p>\u00c4ven om du just har f\u00e5tt ditt f\u00f6rsta barn och nu k\u00e4nner att allt \u00e4r nytt och fr\u00e4mmande f\u00f6r dig, f\u00e5r du inte gl\u00f6mma att detsamma g\u00e4ller f\u00f6r ditt barn. \u00c4ven om du redan har uppfostrat ett eller flera syskon \u00e4r det nya livet helt nytt f\u00f6r bebisen. <\/p>\n<p>D\u00e4rf\u00f6r \u00e4r s\u00e4kerheten en av de h\u00f6gsta prioriteringarna n\u00e4r det g\u00e4ller det nya familjemedlemmens v\u00e4lbefinnande. S\u00e4ngar som kan placeras intill den egna s\u00e4ngen g\u00f6r det m\u00f6jligt f\u00f6r barnet att vara alldeles n\u00e4ra mamman. Mamman \u00e4r n\u00e4mligen det enda barnet k\u00e4nner till under de f\u00f6rsta \u00f6gonblicken och dagarna av sitt liv. Det finns \u00e4ven vuxna som k\u00e4nner sig obekv\u00e4ma p\u00e5 natten n\u00e4r de m\u00e5ste vara ensamma. Naturligtvis \u00e4r det precis likadant med sm\u00e5 barn och sp\u00e4dbarn.    <\/p>\n<p>Att vara n\u00e4ra mamman \u00e4r mycket viktigt f\u00f6r barnet, s\u00e4rskilt n\u00e4r det vaknar p\u00e5 natten.<\/p>\n<h2>Perfekt f\u00f6r att skapa en anknytning med till\u00e4ggs\u00e4ngen<\/h2>\n<p>En extras\u00e4ng ger dock inte bara en \u00f6kad trygghetsk\u00e4nsla f\u00f6r barnet. \u00c4ven relationen mellan f\u00f6r\u00e4ldrarna och barnet st\u00e4rks n\u00e4r b\u00e5de f\u00f6r\u00e4ldrar och barn befinner sig i samma rum och snabbt kan reagera p\u00e5 varandra. Att somna och vakna tillsammans bidrar till att barnet slappnar av b\u00e4ttre. P\u00e5 s\u00e5 s\u00e4tt kan \u00e4ven ni som f\u00f6r\u00e4ldrar sova lugnare.     <\/p>\n<p>Tack vare avkopplingen finns det mer energi kvar f\u00f6r stressiga situationer i vardagen som f\u00f6rr eller senare kan uppst\u00e5. Barnet inser snabbt: Inget kan h\u00e4nda mig, eftersom mina f\u00f6r\u00e4ldrar \u00e4r i rummet. En kort kram d\u00e5 och d\u00e5, n\u00e4r barnet vaknar p\u00e5 natten, \u00e4r inget problem och g\u00e5r att ordna p\u00e5 ett \u00f6gonblick.  <\/p>\n<p>Det fina \u00e4r ocks\u00e5 att det inte bara \u00e4r mamman som beh\u00f6ver ta p\u00e5 sig den h\u00e4r uppgiften. \u00c4ven pappan kan ta barnet till sin sida och ta hand om nattliga uppvaknanden. P\u00e5 s\u00e5 s\u00e4tt sker en r\u00e4ttvis f\u00f6rdelning mellan att \u201dsova\u201d och att \u201dta hand om barnet\u201d.  <\/p>\n<h2>Amning med en s\u00e4ng vid s\u00e4ngen<\/h2>\n<p>Om du som mamma ammar kan du dra \u00e4nnu st\u00f6rre nytta av en babys\u00e4ng. S\u00e5 fort barnet vaknar kan du n\u00e4mligen ta upp det direkt fr\u00e5n s\u00e4ngkanten och in i dina armar. Du beh\u00f6ver allts\u00e5 inte ens stiga upp ur s\u00e4ngen. \u00c4ven om du inte ammar utan ger barnet flaska kan en av er lugna barnet, gunga det i famnen och tr\u00f6sta det medan du eller din partner f\u00f6rbereder drycken \u00e5t barnet.   <\/p>\n<p>Den effektiva arbetsf\u00f6rdelningen sker snabbt och smidigt, s\u00e5 att man snart kan \u00e5terv\u00e4nda till dr\u00f6mmarnas land. En extras\u00e4ng inneb\u00e4r allts\u00e5 bekv\u00e4mlighet \u2013 b\u00e5de f\u00f6r dig och f\u00f6r barnet. <\/p>\n<p>Nu st\u00e5r ingenting l\u00e4ngre i v\u00e4gen f\u00f6r ett lyckligt familjeliv tillsammans!<\/p>\n<p>[\/vc_column_text][\/vc_column][\/vc_row]<\/p>\n<\/div>","protected":false},"excerpt":{"rendered":"<p>[vc_row][vc_column][vc_column_text css=&#8221;&#8221;] F\u00f6rdelarna med babys\u00e4ngen Extras\u00e4ngar \u00e4r egentligen ingen ny uppfinning, och \u00e4nd\u00e5 v\u00e4xer marknaden f\u00f6r dessa s\u00e4ngar mer och mer f\u00f6r varje \u00e5r. Det \u00e4r f\u00f6rst\u00e5eligt, f\u00f6r ibland m\u00e4rker man att bepr\u00f6vade id\u00e9er och l\u00f6sningar \u00e4ven i dag \u00e4r bra \u2013 och kanske till och med b\u00e4ttre \u2013 \u00e4n j\u00e4mf\u00f6rbara alternativ. Extras\u00e4ngen har redan [&hellip;]<\/p>\n","protected":false},"author":2,"featured_media":1888,"comment_status":"closed","ping_status":"closed","sticky":false,"template":"","format":"standard","meta":{"_acf_changed":false,"inline_featured_image":false,"_jetpack_newsletter_access":"","_jetpack_dont_email_post_to_subs":false,"_jetpack_newsletter_tier_id":0,"_jetpack_memberships_contains_paywalled_content":false,"_jetpack_feature_clip_id":0,"_jetpack_memberships_contains_paid_content":false,"footnotes":"","jetpack_post_was_ever_published":false},"categories":[718],"tags":[],"class_list":["post-60055","post","type-post","status-publish","format-standard","has-post-thumbnail","hentry","category-okategoriserad"],"acf":[],"yoast_head":"<!-- This site is optimized with the Yoast SEO plugin v28.3 - https:\/\/yoast.com\/product\/yoast-seo-wordpress\/ -->\n<title>tiSsi\u00ae Extrab\u00e4ddar<\/title>\n<meta name=\"description\" content=\"Extras\u00e4ngar ger trygghet och st\u00e4rker bandet mellan f\u00f6r\u00e4ldrar och nyf\u00f6dda genom att m\u00f6jligg\u00f6ra n\u00e4ra kontakt och smidig amning. Uppt\u00e4ck f\u00f6rdelarna f\u00f6r ett avslappnat familjeliv.\" \/>\n<meta name=\"robots\" content=\"index, follow, max-snippet:-1, max-image-preview:large, max-video-preview:-1\" \/>\n<link rel=\"canonical\" href=\"https:\/\/tissi.de\/sv\/extrasaengar\/\" \/>\n<meta property=\"og:locale\" content=\"sv_SE\" \/>\n<meta property=\"og:type\" content=\"article\" \/>\n<meta property=\"og:title\" content=\"tiSsi\u00ae Extrab\u00e4ddar\" \/>\n<meta property=\"og:description\" content=\"Extras\u00e4ngar ger trygghet och st\u00e4rker bandet mellan f\u00f6r\u00e4ldrar och nyf\u00f6dda genom att m\u00f6jligg\u00f6ra n\u00e4ra kontakt och smidig amning. Uppt\u00e4ck f\u00f6rdelarna f\u00f6r ett avslappnat familjeliv.\" \/>\n<meta property=\"og:url\" content=\"https:\/\/tissi.de\/sv\/extrasaengar\/\" \/>\n<meta property=\"og:site_name\" content=\"tiSsi\u00ae\" \/>\n<meta property=\"article:publisher\" content=\"https:\/\/de-de.facebook.com\/tiSsikids\/\" \/>\n<meta property=\"article:published_time\" content=\"2022-05-19T10:43:26+00:00\" \/>\n<meta property=\"article:modified_time\" content=\"2026-08-24T09:27:23+00:00\" \/>\n<meta property=\"og:image\" content=\"https:\/\/tissi.de\/wp-content\/uploads\/2022\/04\/beistellbett-v2-01.jpg\" \/>\n\t<meta property=\"og:image:width\" content=\"1144\" \/>\n\t<meta property=\"og:image:height\" content=\"657\" \/>\n\t<meta property=\"og:image:type\" content=\"image\/jpeg\" \/>\n<meta name=\"author\" content=\"Redaktion TISSI\" \/>\n<meta name=\"twitter:card\" content=\"summary_large_image\" \/>\n<meta name=\"twitter:label1\" content=\"Skriven av\" \/>\n\t<meta name=\"twitter:data1\" content=\"Redaktion TISSI\" \/>\n\t<meta name=\"twitter:label2\" content=\"Ber\u00e4knad l\u00e4stid\" \/>\n\t<meta name=\"twitter:data2\" content=\"3 minuter\" \/>\n<script type=\"application\/ld+json\" class=\"yoast-schema-graph\">{\"@context\":\"https:\\\/\\\/schema.org\",\"@graph\":[{\"@type\":\"Article\",\"@id\":\"https:\\\/\\\/tissi.de\\\/sv\\\/extrasaengar\\\/#article\",\"isPartOf\":{\"@id\":\"https:\\\/\\\/tissi.de\\\/sv\\\/extrasaengar\\\/\"},\"author\":{\"name\":\"Redaktion TISSI\",\"@id\":\"https:\\\/\\\/tissi.de\\\/sv\\\/#\\\/schema\\\/person\\\/feffc4b83794a4ccd019ed8588960f8d\"},\"headline\":\"Extras\u00e4ngar\",\"datePublished\":\"2022-05-19T10:43:26+00:00\",\"dateModified\":\"2026-08-24T09:27:23+00:00\",\"mainEntityOfPage\":{\"@id\":\"https:\\\/\\\/tissi.de\\\/sv\\\/extrasaengar\\\/\"},\"wordCount\":655,\"publisher\":{\"@id\":\"https:\\\/\\\/tissi.de\\\/sv\\\/#organization\"},\"image\":{\"@id\":\"https:\\\/\\\/tissi.de\\\/sv\\\/extrasaengar\\\/#primaryimage\"},\"thumbnailUrl\":\"https:\\\/\\\/tissi.de\\\/wp-content\\\/uploads\\\/2022\\\/04\\\/beistellbett-v2-01.jpg\",\"articleSection\":[\"Okategoriserad\"],\"inLanguage\":\"sv-SE\"},{\"@type\":\"WebPage\",\"@id\":\"https:\\\/\\\/tissi.de\\\/sv\\\/extrasaengar\\\/\",\"url\":\"https:\\\/\\\/tissi.de\\\/sv\\\/extrasaengar\\\/\",\"name\":\"tiSsi\u00ae Extrab\u00e4ddar\",\"isPartOf\":{\"@id\":\"https:\\\/\\\/tissi.de\\\/sv\\\/#website\"},\"primaryImageOfPage\":{\"@id\":\"https:\\\/\\\/tissi.de\\\/sv\\\/extrasaengar\\\/#primaryimage\"},\"image\":{\"@id\":\"https:\\\/\\\/tissi.de\\\/sv\\\/extrasaengar\\\/#primaryimage\"},\"thumbnailUrl\":\"https:\\\/\\\/tissi.de\\\/wp-content\\\/uploads\\\/2022\\\/04\\\/beistellbett-v2-01.jpg\",\"datePublished\":\"2022-05-19T10:43:26+00:00\",\"dateModified\":\"2026-08-24T09:27:23+00:00\",\"description\":\"Extras\u00e4ngar ger trygghet och st\u00e4rker bandet mellan f\u00f6r\u00e4ldrar och nyf\u00f6dda genom att m\u00f6jligg\u00f6ra n\u00e4ra kontakt och smidig amning. Uppt\u00e4ck f\u00f6rdelarna f\u00f6r ett avslappnat familjeliv.\",\"breadcrumb\":{\"@id\":\"https:\\\/\\\/tissi.de\\\/sv\\\/extrasaengar\\\/#breadcrumb\"},\"inLanguage\":\"sv-SE\",\"potentialAction\":[{\"@type\":\"ReadAction\",\"target\":[\"https:\\\/\\\/tissi.de\\\/sv\\\/extrasaengar\\\/\"]}]},{\"@type\":\"ImageObject\",\"inLanguage\":\"sv-SE\",\"@id\":\"https:\\\/\\\/tissi.de\\\/sv\\\/extrasaengar\\\/#primaryimage\",\"url\":\"https:\\\/\\\/tissi.de\\\/wp-content\\\/uploads\\\/2022\\\/04\\\/beistellbett-v2-01.jpg\",\"contentUrl\":\"https:\\\/\\\/tissi.de\\\/wp-content\\\/uploads\\\/2022\\\/04\\\/beistellbett-v2-01.jpg\",\"width\":1144,\"height\":657,\"caption\":\"Child with doll beside a white crib in sunlit room, beistellbetten.\"},{\"@type\":\"BreadcrumbList\",\"@id\":\"https:\\\/\\\/tissi.de\\\/sv\\\/extrasaengar\\\/#breadcrumb\",\"itemListElement\":[{\"@type\":\"ListItem\",\"position\":1,\"name\":\"Startseite\",\"item\":\"https:\\\/\\\/tissi.de\\\/sv\\\/hem\\\/\"},{\"@type\":\"ListItem\",\"position\":2,\"name\":\"Extras\u00e4ngar\"}]},{\"@type\":\"WebSite\",\"@id\":\"https:\\\/\\\/tissi.de\\\/sv\\\/#website\",\"url\":\"https:\\\/\\\/tissi.de\\\/sv\\\/\",\"name\":\"tiSsi\u00ae\",\"description\":\"Familie beginnt mit uns! Lernturm, Hochstuhl, Kinderm\u00f6bel, Laufgitter\",\"publisher\":{\"@id\":\"https:\\\/\\\/tissi.de\\\/sv\\\/#organization\"},\"potentialAction\":[{\"@type\":\"SearchAction\",\"target\":{\"@type\":\"EntryPoint\",\"urlTemplate\":\"https:\\\/\\\/tissi.de\\\/sv\\\/?s={search_term_string}\"},\"query-input\":{\"@type\":\"PropertyValueSpecification\",\"valueRequired\":true,\"valueName\":\"search_term_string\"}}],\"inLanguage\":\"sv-SE\"},{\"@type\":\"Organization\",\"@id\":\"https:\\\/\\\/tissi.de\\\/sv\\\/#organization\",\"name\":\"M.J. Oster GmbH\",\"url\":\"https:\\\/\\\/tissi.de\\\/sv\\\/\",\"logo\":{\"@type\":\"ImageObject\",\"inLanguage\":\"sv-SE\",\"@id\":\"https:\\\/\\\/tissi.de\\\/sv\\\/#\\\/schema\\\/logo\\\/image\\\/\",\"url\":\"https:\\\/\\\/tissi.de\\\/wp-content\\\/uploads\\\/2022\\\/04\\\/tissi-logo.webp\",\"contentUrl\":\"https:\\\/\\\/tissi.de\\\/wp-content\\\/uploads\\\/2022\\\/04\\\/tissi-logo.webp\",\"width\":300,\"height\":173,\"caption\":\"M.J. Oster GmbH\"},\"image\":{\"@id\":\"https:\\\/\\\/tissi.de\\\/sv\\\/#\\\/schema\\\/logo\\\/image\\\/\"},\"sameAs\":[\"https:\\\/\\\/de-de.facebook.com\\\/tiSsikids\\\/\",\"https:\\\/\\\/www.instagram.com\\\/tissi_kids\\\/\"]},{\"@type\":\"Person\",\"@id\":\"https:\\\/\\\/tissi.de\\\/sv\\\/#\\\/schema\\\/person\\\/feffc4b83794a4ccd019ed8588960f8d\",\"name\":\"Redaktion TISSI\",\"image\":{\"@type\":\"ImageObject\",\"inLanguage\":\"sv-SE\",\"@id\":\"https:\\\/\\\/secure.gravatar.com\\\/avatar\\\/c0c9282fd92a029eab2387c323adf137b95b7afdc0da332c8bee128bbb45853d?s=96&d=mm&r=g\",\"url\":\"https:\\\/\\\/secure.gravatar.com\\\/avatar\\\/c0c9282fd92a029eab2387c323adf137b95b7afdc0da332c8bee128bbb45853d?s=96&d=mm&r=g\",\"contentUrl\":\"https:\\\/\\\/secure.gravatar.com\\\/avatar\\\/c0c9282fd92a029eab2387c323adf137b95b7afdc0da332c8bee128bbb45853d?s=96&d=mm&r=g\",\"caption\":\"Redaktion TISSI\"},\"url\":\"https:\\\/\\\/tissi.de\\\/sv\\\/author\\\/dawost-red\\\/\"}]}<\/script>\n<!-- \/ Yoast SEO plugin. -->","yoast_head_json":{"title":"tiSsi\u00ae Extrab\u00e4ddar","description":"Extras\u00e4ngar ger trygghet och st\u00e4rker bandet mellan f\u00f6r\u00e4ldrar och nyf\u00f6dda genom att m\u00f6jligg\u00f6ra n\u00e4ra kontakt och smidig amning. Uppt\u00e4ck f\u00f6rdelarna f\u00f6r ett avslappnat familjeliv.","robots":{"index":"index","follow":"follow","max-snippet":"max-snippet:-1","max-image-preview":"max-image-preview:large","max-video-preview":"max-video-preview:-1"},"canonical":"https:\/\/tissi.de\/sv\/extrasaengar\/","og_locale":"sv_SE","og_type":"article","og_title":"tiSsi\u00ae Extrab\u00e4ddar","og_description":"Extras\u00e4ngar ger trygghet och st\u00e4rker bandet mellan f\u00f6r\u00e4ldrar och nyf\u00f6dda genom att m\u00f6jligg\u00f6ra n\u00e4ra kontakt och smidig amning. Uppt\u00e4ck f\u00f6rdelarna f\u00f6r ett avslappnat familjeliv.","og_url":"https:\/\/tissi.de\/sv\/extrasaengar\/","og_site_name":"tiSsi\u00ae","article_publisher":"https:\/\/de-de.facebook.com\/tiSsikids\/","article_published_time":"2022-05-19T10:43:26+00:00","article_modified_time":"2026-08-24T09:27:23+00:00","og_image":[{"width":1144,"height":657,"url":"https:\/\/tissi.de\/wp-content\/uploads\/2022\/04\/beistellbett-v2-01.jpg","type":"image\/jpeg"}],"author":"Redaktion TISSI","twitter_card":"summary_large_image","twitter_misc":{"Skriven av":"Redaktion TISSI","Ber\u00e4knad l\u00e4stid":"3 minuter"},"schema":{"@context":"https:\/\/schema.org","@graph":[{"@type":"Article","@id":"https:\/\/tissi.de\/sv\/extrasaengar\/#article","isPartOf":{"@id":"https:\/\/tissi.de\/sv\/extrasaengar\/"},"author":{"name":"Redaktion TISSI","@id":"https:\/\/tissi.de\/sv\/#\/schema\/person\/feffc4b83794a4ccd019ed8588960f8d"},"headline":"Extras\u00e4ngar","datePublished":"2022-05-19T10:43:26+00:00","dateModified":"2026-08-24T09:27:23+00:00","mainEntityOfPage":{"@id":"https:\/\/tissi.de\/sv\/extrasaengar\/"},"wordCount":655,"publisher":{"@id":"https:\/\/tissi.de\/sv\/#organization"},"image":{"@id":"https:\/\/tissi.de\/sv\/extrasaengar\/#primaryimage"},"thumbnailUrl":"https:\/\/tissi.de\/wp-content\/uploads\/2022\/04\/beistellbett-v2-01.jpg","articleSection":["Okategoriserad"],"inLanguage":"sv-SE"},{"@type":"WebPage","@id":"https:\/\/tissi.de\/sv\/extrasaengar\/","url":"https:\/\/tissi.de\/sv\/extrasaengar\/","name":"tiSsi\u00ae Extrab\u00e4ddar","isPartOf":{"@id":"https:\/\/tissi.de\/sv\/#website"},"primaryImageOfPage":{"@id":"https:\/\/tissi.de\/sv\/extrasaengar\/#primaryimage"},"image":{"@id":"https:\/\/tissi.de\/sv\/extrasaengar\/#primaryimage"},"thumbnailUrl":"https:\/\/tissi.de\/wp-content\/uploads\/2022\/04\/beistellbett-v2-01.jpg","datePublished":"2022-05-19T10:43:26+00:00","dateModified":"2026-08-24T09:27:23+00:00","description":"Extras\u00e4ngar ger trygghet och st\u00e4rker bandet mellan f\u00f6r\u00e4ldrar och nyf\u00f6dda genom att m\u00f6jligg\u00f6ra n\u00e4ra kontakt och smidig amning. Uppt\u00e4ck f\u00f6rdelarna f\u00f6r ett avslappnat familjeliv.","breadcrumb":{"@id":"https:\/\/tissi.de\/sv\/extrasaengar\/#breadcrumb"},"inLanguage":"sv-SE","potentialAction":[{"@type":"ReadAction","target":["https:\/\/tissi.de\/sv\/extrasaengar\/"]}]},{"@type":"ImageObject","inLanguage":"sv-SE","@id":"https:\/\/tissi.de\/sv\/extrasaengar\/#primaryimage","url":"https:\/\/tissi.de\/wp-content\/uploads\/2022\/04\/beistellbett-v2-01.jpg","contentUrl":"https:\/\/tissi.de\/wp-content\/uploads\/2022\/04\/beistellbett-v2-01.jpg","width":1144,"height":657,"caption":"Child with doll beside a white crib in sunlit room, beistellbetten."},{"@type":"BreadcrumbList","@id":"https:\/\/tissi.de\/sv\/extrasaengar\/#breadcrumb","itemListElement":[{"@type":"ListItem","position":1,"name":"Startseite","item":"https:\/\/tissi.de\/sv\/hem\/"},{"@type":"ListItem","position":2,"name":"Extras\u00e4ngar"}]},{"@type":"WebSite","@id":"https:\/\/tissi.de\/sv\/#website","url":"https:\/\/tissi.de\/sv\/","name":"tiSsi\u00ae","description":"Familie beginnt mit uns! Lernturm, Hochstuhl, Kinderm\u00f6bel, Laufgitter","publisher":{"@id":"https:\/\/tissi.de\/sv\/#organization"},"potentialAction":[{"@type":"SearchAction","target":{"@type":"EntryPoint","urlTemplate":"https:\/\/tissi.de\/sv\/?s={search_term_string}"},"query-input":{"@type":"PropertyValueSpecification","valueRequired":true,"valueName":"search_term_string"}}],"inLanguage":"sv-SE"},{"@type":"Organization","@id":"https:\/\/tissi.de\/sv\/#organization","name":"M.J. Oster GmbH","url":"https:\/\/tissi.de\/sv\/","logo":{"@type":"ImageObject","inLanguage":"sv-SE","@id":"https:\/\/tissi.de\/sv\/#\/schema\/logo\/image\/","url":"https:\/\/tissi.de\/wp-content\/uploads\/2022\/04\/tissi-logo.webp","contentUrl":"https:\/\/tissi.de\/wp-content\/uploads\/2022\/04\/tissi-logo.webp","width":300,"height":173,"caption":"M.J. Oster GmbH"},"image":{"@id":"https:\/\/tissi.de\/sv\/#\/schema\/logo\/image\/"},"sameAs":["https:\/\/de-de.facebook.com\/tiSsikids\/","https:\/\/www.instagram.com\/tissi_kids\/"]},{"@type":"Person","@id":"https:\/\/tissi.de\/sv\/#\/schema\/person\/feffc4b83794a4ccd019ed8588960f8d","name":"Redaktion TISSI","image":{"@type":"ImageObject","inLanguage":"sv-SE","@id":"https:\/\/secure.gravatar.com\/avatar\/c0c9282fd92a029eab2387c323adf137b95b7afdc0da332c8bee128bbb45853d?s=96&d=mm&r=g","url":"https:\/\/secure.gravatar.com\/avatar\/c0c9282fd92a029eab2387c323adf137b95b7afdc0da332c8bee128bbb45853d?s=96&d=mm&r=g","contentUrl":"https:\/\/secure.gravatar.com\/avatar\/c0c9282fd92a029eab2387c323adf137b95b7afdc0da332c8bee128bbb45853d?s=96&d=mm&r=g","caption":"Redaktion TISSI"},"url":"https:\/\/tissi.de\/sv\/author\/dawost-red\/"}]}},"jetpack_sharing_enabled":true,"jetpack_featured_media_url":"https:\/\/tissi.de\/wp-content\/uploads\/2022\/04\/beistellbett-v2-01.jpg","_links":{"self":[{"href":"https:\/\/tissi.de\/sv\/wp-json\/wp\/v2\/posts\/60055","targetHints":{"allow":["GET"]}}],"collection":[{"href":"https:\/\/tissi.de\/sv\/wp-json\/wp\/v2\/posts"}],"about":[{"href":"https:\/\/tissi.de\/sv\/wp-json\/wp\/v2\/types\/post"}],"author":[{"embeddable":true,"href":"https:\/\/tissi.de\/sv\/wp-json\/wp\/v2\/users\/2"}],"replies":[{"embeddable":true,"href":"https:\/\/tissi.de\/sv\/wp-json\/wp\/v2\/comments?post=60055"}],"version-history":[{"count":2,"href":"https:\/\/tissi.de\/sv\/wp-json\/wp\/v2\/posts\/60055\/revisions"}],"predecessor-version":[{"id":60060,"href":"https:\/\/tissi.de\/sv\/wp-json\/wp\/v2\/posts\/60055\/revisions\/60060"}],"wp:featuredmedia":[{"embeddable":true,"href":"https:\/\/tissi.de\/sv\/wp-json\/wp\/v2\/media\/1888"}],"wp:attachment":[{"href":"https:\/\/tissi.de\/sv\/wp-json\/wp\/v2\/media?parent=60055"}],"wp:term":[{"taxonomy":"category","embeddable":true,"href":"https:\/\/tissi.de\/sv\/wp-json\/wp\/v2\/categories?post=60055"},{"taxonomy":"post_tag","embeddable":true,"href":"https:\/\/tissi.de\/sv\/wp-json\/wp\/v2\/tags?post=60055"}],"curies":[{"name":"wp","href":"https:\/\/api.w.org\/{rel}","templated":true}]}}