{"id":60061,"date":"2022-05-13T21:54:09","date_gmt":"2022-05-13T19:54:09","guid":{"rendered":"https:\/\/tissi.de\/tissi-inlaerningstornet\/"},"modified":"2026-08-24T11:27:26","modified_gmt":"2026-08-24T09:27:26","slug":"tissi-inlaerningstornet","status":"publish","type":"post","link":"https:\/\/tissi.de\/sv\/tissi-inlaerningstornet\/","title":{"rendered":"tiSsi \u00ae-inl\u00e4rningstornet"},"content":{"rendered":"<div class=\"wpb-content-wrapper\" id=\"wpb-content-root\"><p>[vc_row][vc_column][vc_column_text css=&#8221;&#8221;]<\/p>\n<h2>Om v\u00e5r inl\u00e4rningstorn och varf\u00f6r ditt barn absolut beh\u00f6ver den<\/h2>\n<p><span>Tack vare v\u00e5r inl\u00e4rningstorn \u201dFelix\u201d \u00e4r ditt barn alltid med och kan l\u00e4ra sig s\u00e5 mycket genom interaktioner med er.<\/span><\/p>\n<p><strong>Ett stadigt fotf\u00e4ste \u00e4r absolut n\u00f6dv\u00e4ndigt!  <\/strong><\/p>\n<p><span>Vi k\u00e4nner s\u00e4kert alla till den \u2013 den gamla goda pallen. N\u00e4r man snabbt skjuter fram den till k\u00f6ksb\u00e4nken eller n\u00e5gon annanstans st\u00e5r barnet nu betydligt h\u00f6gre och kan till exempel titta p\u00e5 n\u00e4r vi lagar mat. Men vem k\u00e4nner inte igen det h\u00e4r: g\u00e5ng p\u00e5 g\u00e5ng str\u00e4cker man ut en arm mot barnet f\u00f6r att hindra det fr\u00e5n att ramla ner. Men det h\u00e4nder inte i Lernturm. H\u00e4r \u00e4r barnet skyddat fr\u00e5n alla h\u00e5ll och kan r\u00f6ra sig fritt p\u00e5 sin plats utan tv\u00e5ng och i full s\u00e4kerhet.      <\/span><\/p>\n<p><span>Er lilla skatt kan koncentrera sig helt och h\u00e5llet p\u00e5 det han g\u00f6r. Det blir inte f\u00f6r sv\u00e5rt f\u00f6r honom att sitta stilla eller st\u00e5 p\u00e5 en vanlig stol, och f\u00f6r\u00e4ldrarna kan i sin tur ocks\u00e5 slappna av n\u00e4r de vet att tornet inte kan v\u00e4lta. <\/span><span style=\"font-size: 16px;\"> <\/span><\/p>\n<p><strong>Inspirationen till inl\u00e4rningstornet kommer fr\u00e5n den v\u00e4lk\u00e4nda Montessori-pedagogiken.  <\/strong><\/p>\n<p style=\"padding-left: 40px; text-align: justify;\"><em>\u201dMontessoripedagogiken \u00e4r en global, social r\u00f6relse som har som m\u00e5l att barn \u00f6ver hela v\u00e4rlden ska kunna dra nytta av den. Denna Montessorir\u00f6relse pr\u00e4glas av m\u00e4nniskor som engagerar sig f\u00f6r ett uppm\u00e4rksamt och respektfullt bem\u00f6tande av barn och ungdomar. Varje barn \u00e4r en v\u00e4rdefull individ och har r\u00e4tt till en utbildning av h\u00f6g kvalitet. M\u00e5nga vuxna engagerar sig f\u00f6r denna r\u00e4ttighet.\u201d<br \/>(K\u00e4lla: Montessori Deutschland).<\/em><\/p>\n<p><span><\/span><\/p>\n<p>[\/vc_column_text][vc_single_image image=&#8221;60062&#8243; img_size=&#8221;post_img&#8221; add_caption=&#8221;yes&#8221; css=&#8221;&#8221;][vc_column_text css=&#8221;&#8221;]<\/p>\n<p> <span>Naturligtvis har vi ocks\u00e5 n\u00e5gra id\u00e9er till er och er lilla skatt, f\u00f6r en liten lektion i inl\u00e4rningstornet:<\/span><\/p>\n<ul>\n<li><span>Vad smakar s\u00f6tt? Vad smakar surt? F\u00f6rklara f\u00f6r ditt barn skillnaderna mellan olika smaker med hj\u00e4lp av olika fruktsorter.  <\/span><\/li>\n<li><span>Vilka f\u00e4rger finns det runt barnen? Leta tillsammans efter f\u00f6rem\u00e5l i synf\u00e4ltet och koppla dem till respektive f\u00e4rg. <\/span><\/li>\n<li><span>Vill barnet hj\u00e4lpa till? L\u00e5t det hj\u00e4lpa till med att sila mj\u00f6l, kn\u00e5da deg eller kanske \u00e4ven stansa ut kakor, <\/span><\/li>\n<li><span>Vatten p\u00e5! L\u00e5t barnen sk\u00f6lja frukt, gr\u00f6nsaker eller till och med diska. <\/span><\/li>\n<li><span>L\u00e4rningstornet kan ocks\u00e5 vara till stor hj\u00e4lp i badrummet.  <br \/>Tv\u00e4tta h\u00e4nderna, borsta t\u00e4nderna?  <br \/>Inga problem!<\/span><\/li>\n<\/ul>\n<p><span>Som ni ser finns det o\u00e4ndliga m\u00f6jligheter. L\u00e5t barnet\/barnen s\u00e5 l\u00e5ngt det g\u00e5r ta del av er vardag och l\u00e4ra sig av den! <br \/>Ha s\u00e5 kul n\u00e4r du provar!<\/span><\/p>\n<p>[\/vc_column_text][\/vc_column][\/vc_row]<\/p>\n<\/div>","protected":false},"excerpt":{"rendered":"<p>[vc_row][vc_column][vc_column_text css=&#8221;&#8221;] Om v\u00e5r inl\u00e4rningstorn och varf\u00f6r ditt barn absolut beh\u00f6ver den Tack vare v\u00e5r inl\u00e4rningstorn \u201dFelix\u201d \u00e4r ditt barn alltid med och kan l\u00e4ra sig s\u00e5 mycket genom interaktioner med er. Ett stadigt fotf\u00e4ste \u00e4r absolut n\u00f6dv\u00e4ndigt! Vi k\u00e4nner s\u00e4kert alla till den \u2013 den gamla goda pallen. N\u00e4r man snabbt skjuter fram den [&hellip;]<\/p>\n","protected":false},"author":2,"featured_media":1780,"comment_status":"closed","ping_status":"closed","sticky":false,"template":"","format":"standard","meta":{"_acf_changed":false,"inline_featured_image":false,"_jetpack_newsletter_access":"","_jetpack_dont_email_post_to_subs":false,"_jetpack_newsletter_tier_id":0,"_jetpack_memberships_contains_paywalled_content":false,"_jetpack_feature_clip_id":0,"_jetpack_memberships_contains_paid_content":false,"footnotes":"","jetpack_post_was_ever_published":false},"categories":[718],"tags":[],"class_list":["post-60061","post","type-post","status-publish","format-standard","has-post-thumbnail","hentry","category-okategoriserad"],"acf":[],"yoast_head":"<!-- This site is optimized with the Yoast SEO plugin v28.3 - https:\/\/yoast.com\/product\/yoast-seo-wordpress\/ -->\n<title>tiSsi\u00ae \u2013 L\u00e4rtornen \u201dFELIX\u201d<\/title>\n<meta name=\"description\" content=\"tiSsi\u00ae-inl\u00e4rningstornet \u201dFelix\u201d g\u00f6r det m\u00f6jligt f\u00f6r barn att p\u00e5 ett s\u00e4kert s\u00e4tt delta i familjens vardagsliv och fr\u00e4mjar inl\u00e4rning genom interaktion. Det \u00e4r inspirerat av Montessori-pedagogiken och erbjuder b\u00e5de trygghet och frihet f\u00f6r utforskande l\u00e4rande.\" \/>\n<meta name=\"robots\" content=\"index, follow, max-snippet:-1, max-image-preview:large, max-video-preview:-1\" \/>\n<link rel=\"canonical\" href=\"https:\/\/tissi.de\/sv\/tissi-inlaerningstornet\/\" \/>\n<meta property=\"og:locale\" content=\"sv_SE\" \/>\n<meta property=\"og:type\" content=\"article\" \/>\n<meta property=\"og:title\" content=\"tiSsi\u00ae \u2013 L\u00e4rtornen \u201dFELIX\u201d\" \/>\n<meta property=\"og:description\" content=\"tiSsi\u00ae-inl\u00e4rningstornet \u201dFelix\u201d g\u00f6r det m\u00f6jligt f\u00f6r barn att p\u00e5 ett s\u00e4kert s\u00e4tt delta i familjens vardagsliv och fr\u00e4mjar inl\u00e4rning genom interaktion. Det \u00e4r inspirerat av Montessori-pedagogiken och erbjuder b\u00e5de trygghet och frihet f\u00f6r utforskande l\u00e4rande.\" \/>\n<meta property=\"og:url\" content=\"https:\/\/tissi.de\/sv\/tissi-inlaerningstornet\/\" \/>\n<meta property=\"og:site_name\" content=\"tiSsi\u00ae\" \/>\n<meta property=\"article:publisher\" content=\"https:\/\/de-de.facebook.com\/tiSsikids\/\" \/>\n<meta property=\"article:published_time\" content=\"2022-05-13T19:54:09+00:00\" \/>\n<meta property=\"article:modified_time\" content=\"2026-08-24T09:27:26+00:00\" \/>\n<meta property=\"og:image\" content=\"https:\/\/tissi.de\/wp-content\/uploads\/2022\/04\/100339_Lernturm_natur_1-1.jpg\" \/>\n\t<meta property=\"og:image:width\" content=\"1080\" \/>\n\t<meta property=\"og:image:height\" content=\"1336\" \/>\n\t<meta property=\"og:image:type\" content=\"image\/jpeg\" \/>\n<meta name=\"author\" content=\"Redaktion TISSI\" \/>\n<meta name=\"twitter:card\" content=\"summary_large_image\" \/>\n<meta name=\"twitter:label1\" content=\"Skriven av\" \/>\n\t<meta name=\"twitter:data1\" content=\"Redaktion TISSI\" \/>\n\t<meta name=\"twitter:label2\" content=\"Ber\u00e4knad l\u00e4stid\" \/>\n\t<meta name=\"twitter:data2\" content=\"3 minuter\" \/>\n<script type=\"application\/ld+json\" class=\"yoast-schema-graph\">{\"@context\":\"https:\\\/\\\/schema.org\",\"@graph\":[{\"@type\":\"Article\",\"@id\":\"https:\\\/\\\/tissi.de\\\/sv\\\/tissi-inlaerningstornet\\\/#article\",\"isPartOf\":{\"@id\":\"https:\\\/\\\/tissi.de\\\/sv\\\/tissi-inlaerningstornet\\\/\"},\"author\":{\"name\":\"Redaktion TISSI\",\"@id\":\"https:\\\/\\\/tissi.de\\\/sv\\\/#\\\/schema\\\/person\\\/feffc4b83794a4ccd019ed8588960f8d\"},\"headline\":\"tiSsi \u00ae-inl\u00e4rningstornet\",\"datePublished\":\"2022-05-13T19:54:09+00:00\",\"dateModified\":\"2026-08-24T09:27:26+00:00\",\"mainEntityOfPage\":{\"@id\":\"https:\\\/\\\/tissi.de\\\/sv\\\/tissi-inlaerningstornet\\\/\"},\"wordCount\":506,\"publisher\":{\"@id\":\"https:\\\/\\\/tissi.de\\\/sv\\\/#organization\"},\"image\":{\"@id\":\"https:\\\/\\\/tissi.de\\\/sv\\\/tissi-inlaerningstornet\\\/#primaryimage\"},\"thumbnailUrl\":\"https:\\\/\\\/tissi.de\\\/wp-content\\\/uploads\\\/2022\\\/04\\\/100339_Lernturm_natur_1-1.jpg\",\"articleSection\":[\"Okategoriserad\"],\"inLanguage\":\"sv-SE\"},{\"@type\":\"WebPage\",\"@id\":\"https:\\\/\\\/tissi.de\\\/sv\\\/tissi-inlaerningstornet\\\/\",\"url\":\"https:\\\/\\\/tissi.de\\\/sv\\\/tissi-inlaerningstornet\\\/\",\"name\":\"tiSsi\u00ae \u2013 L\u00e4rtornen \u201dFELIX\u201d\",\"isPartOf\":{\"@id\":\"https:\\\/\\\/tissi.de\\\/sv\\\/#website\"},\"primaryImageOfPage\":{\"@id\":\"https:\\\/\\\/tissi.de\\\/sv\\\/tissi-inlaerningstornet\\\/#primaryimage\"},\"image\":{\"@id\":\"https:\\\/\\\/tissi.de\\\/sv\\\/tissi-inlaerningstornet\\\/#primaryimage\"},\"thumbnailUrl\":\"https:\\\/\\\/tissi.de\\\/wp-content\\\/uploads\\\/2022\\\/04\\\/100339_Lernturm_natur_1-1.jpg\",\"datePublished\":\"2022-05-13T19:54:09+00:00\",\"dateModified\":\"2026-08-24T09:27:26+00:00\",\"description\":\"tiSsi\u00ae-inl\u00e4rningstornet \u201dFelix\u201d g\u00f6r det m\u00f6jligt f\u00f6r barn att p\u00e5 ett s\u00e4kert s\u00e4tt delta i familjens vardagsliv och fr\u00e4mjar inl\u00e4rning genom interaktion. Det \u00e4r inspirerat av Montessori-pedagogiken och erbjuder b\u00e5de trygghet och frihet f\u00f6r utforskande l\u00e4rande.\",\"breadcrumb\":{\"@id\":\"https:\\\/\\\/tissi.de\\\/sv\\\/tissi-inlaerningstornet\\\/#breadcrumb\"},\"inLanguage\":\"sv-SE\",\"potentialAction\":[{\"@type\":\"ReadAction\",\"target\":[\"https:\\\/\\\/tissi.de\\\/sv\\\/tissi-inlaerningstornet\\\/\"]}]},{\"@type\":\"ImageObject\",\"inLanguage\":\"sv-SE\",\"@id\":\"https:\\\/\\\/tissi.de\\\/sv\\\/tissi-inlaerningstornet\\\/#primaryimage\",\"url\":\"https:\\\/\\\/tissi.de\\\/wp-content\\\/uploads\\\/2022\\\/04\\\/100339_Lernturm_natur_1-1.jpg\",\"contentUrl\":\"https:\\\/\\\/tissi.de\\\/wp-content\\\/uploads\\\/2022\\\/04\\\/100339_Lernturm_natur_1-1.jpg\",\"width\":1080,\"height\":1336,\"caption\":\"Wooden step stool with two steps and a simple, sturdy design.\"},{\"@type\":\"BreadcrumbList\",\"@id\":\"https:\\\/\\\/tissi.de\\\/sv\\\/tissi-inlaerningstornet\\\/#breadcrumb\",\"itemListElement\":[{\"@type\":\"ListItem\",\"position\":1,\"name\":\"Startseite\",\"item\":\"https:\\\/\\\/tissi.de\\\/sv\\\/hem\\\/\"},{\"@type\":\"ListItem\",\"position\":2,\"name\":\"tiSsi \u00ae-inl\u00e4rningstornet\"}]},{\"@type\":\"WebSite\",\"@id\":\"https:\\\/\\\/tissi.de\\\/sv\\\/#website\",\"url\":\"https:\\\/\\\/tissi.de\\\/sv\\\/\",\"name\":\"tiSsi\u00ae\",\"description\":\"Familie beginnt mit uns! Lernturm, Hochstuhl, Kinderm\u00f6bel, Laufgitter\",\"publisher\":{\"@id\":\"https:\\\/\\\/tissi.de\\\/sv\\\/#organization\"},\"potentialAction\":[{\"@type\":\"SearchAction\",\"target\":{\"@type\":\"EntryPoint\",\"urlTemplate\":\"https:\\\/\\\/tissi.de\\\/sv\\\/?s={search_term_string}\"},\"query-input\":{\"@type\":\"PropertyValueSpecification\",\"valueRequired\":true,\"valueName\":\"search_term_string\"}}],\"inLanguage\":\"sv-SE\"},{\"@type\":\"Organization\",\"@id\":\"https:\\\/\\\/tissi.de\\\/sv\\\/#organization\",\"name\":\"M.J. Oster GmbH\",\"url\":\"https:\\\/\\\/tissi.de\\\/sv\\\/\",\"logo\":{\"@type\":\"ImageObject\",\"inLanguage\":\"sv-SE\",\"@id\":\"https:\\\/\\\/tissi.de\\\/sv\\\/#\\\/schema\\\/logo\\\/image\\\/\",\"url\":\"https:\\\/\\\/tissi.de\\\/wp-content\\\/uploads\\\/2022\\\/04\\\/tissi-logo.webp\",\"contentUrl\":\"https:\\\/\\\/tissi.de\\\/wp-content\\\/uploads\\\/2022\\\/04\\\/tissi-logo.webp\",\"width\":300,\"height\":173,\"caption\":\"M.J. Oster GmbH\"},\"image\":{\"@id\":\"https:\\\/\\\/tissi.de\\\/sv\\\/#\\\/schema\\\/logo\\\/image\\\/\"},\"sameAs\":[\"https:\\\/\\\/de-de.facebook.com\\\/tiSsikids\\\/\",\"https:\\\/\\\/www.instagram.com\\\/tissi_kids\\\/\"]},{\"@type\":\"Person\",\"@id\":\"https:\\\/\\\/tissi.de\\\/sv\\\/#\\\/schema\\\/person\\\/feffc4b83794a4ccd019ed8588960f8d\",\"name\":\"Redaktion TISSI\",\"image\":{\"@type\":\"ImageObject\",\"inLanguage\":\"sv-SE\",\"@id\":\"https:\\\/\\\/secure.gravatar.com\\\/avatar\\\/c0c9282fd92a029eab2387c323adf137b95b7afdc0da332c8bee128bbb45853d?s=96&d=mm&r=g\",\"url\":\"https:\\\/\\\/secure.gravatar.com\\\/avatar\\\/c0c9282fd92a029eab2387c323adf137b95b7afdc0da332c8bee128bbb45853d?s=96&d=mm&r=g\",\"contentUrl\":\"https:\\\/\\\/secure.gravatar.com\\\/avatar\\\/c0c9282fd92a029eab2387c323adf137b95b7afdc0da332c8bee128bbb45853d?s=96&d=mm&r=g\",\"caption\":\"Redaktion TISSI\"},\"url\":\"https:\\\/\\\/tissi.de\\\/sv\\\/author\\\/dawost-red\\\/\"}]}<\/script>\n<!-- \/ Yoast SEO plugin. -->","yoast_head_json":{"title":"tiSsi\u00ae \u2013 L\u00e4rtornen \u201dFELIX\u201d","description":"tiSsi\u00ae-inl\u00e4rningstornet \u201dFelix\u201d g\u00f6r det m\u00f6jligt f\u00f6r barn att p\u00e5 ett s\u00e4kert s\u00e4tt delta i familjens vardagsliv och fr\u00e4mjar inl\u00e4rning genom interaktion. Det \u00e4r inspirerat av Montessori-pedagogiken och erbjuder b\u00e5de trygghet och frihet f\u00f6r utforskande l\u00e4rande.","robots":{"index":"index","follow":"follow","max-snippet":"max-snippet:-1","max-image-preview":"max-image-preview:large","max-video-preview":"max-video-preview:-1"},"canonical":"https:\/\/tissi.de\/sv\/tissi-inlaerningstornet\/","og_locale":"sv_SE","og_type":"article","og_title":"tiSsi\u00ae \u2013 L\u00e4rtornen \u201dFELIX\u201d","og_description":"tiSsi\u00ae-inl\u00e4rningstornet \u201dFelix\u201d g\u00f6r det m\u00f6jligt f\u00f6r barn att p\u00e5 ett s\u00e4kert s\u00e4tt delta i familjens vardagsliv och fr\u00e4mjar inl\u00e4rning genom interaktion. Det \u00e4r inspirerat av Montessori-pedagogiken och erbjuder b\u00e5de trygghet och frihet f\u00f6r utforskande l\u00e4rande.","og_url":"https:\/\/tissi.de\/sv\/tissi-inlaerningstornet\/","og_site_name":"tiSsi\u00ae","article_publisher":"https:\/\/de-de.facebook.com\/tiSsikids\/","article_published_time":"2022-05-13T19:54:09+00:00","article_modified_time":"2026-08-24T09:27:26+00:00","og_image":[{"width":1080,"height":1336,"url":"https:\/\/tissi.de\/wp-content\/uploads\/2022\/04\/100339_Lernturm_natur_1-1.jpg","type":"image\/jpeg"}],"author":"Redaktion TISSI","twitter_card":"summary_large_image","twitter_misc":{"Skriven av":"Redaktion TISSI","Ber\u00e4knad l\u00e4stid":"3 minuter"},"schema":{"@context":"https:\/\/schema.org","@graph":[{"@type":"Article","@id":"https:\/\/tissi.de\/sv\/tissi-inlaerningstornet\/#article","isPartOf":{"@id":"https:\/\/tissi.de\/sv\/tissi-inlaerningstornet\/"},"author":{"name":"Redaktion TISSI","@id":"https:\/\/tissi.de\/sv\/#\/schema\/person\/feffc4b83794a4ccd019ed8588960f8d"},"headline":"tiSsi \u00ae-inl\u00e4rningstornet","datePublished":"2022-05-13T19:54:09+00:00","dateModified":"2026-08-24T09:27:26+00:00","mainEntityOfPage":{"@id":"https:\/\/tissi.de\/sv\/tissi-inlaerningstornet\/"},"wordCount":506,"publisher":{"@id":"https:\/\/tissi.de\/sv\/#organization"},"image":{"@id":"https:\/\/tissi.de\/sv\/tissi-inlaerningstornet\/#primaryimage"},"thumbnailUrl":"https:\/\/tissi.de\/wp-content\/uploads\/2022\/04\/100339_Lernturm_natur_1-1.jpg","articleSection":["Okategoriserad"],"inLanguage":"sv-SE"},{"@type":"WebPage","@id":"https:\/\/tissi.de\/sv\/tissi-inlaerningstornet\/","url":"https:\/\/tissi.de\/sv\/tissi-inlaerningstornet\/","name":"tiSsi\u00ae \u2013 L\u00e4rtornen \u201dFELIX\u201d","isPartOf":{"@id":"https:\/\/tissi.de\/sv\/#website"},"primaryImageOfPage":{"@id":"https:\/\/tissi.de\/sv\/tissi-inlaerningstornet\/#primaryimage"},"image":{"@id":"https:\/\/tissi.de\/sv\/tissi-inlaerningstornet\/#primaryimage"},"thumbnailUrl":"https:\/\/tissi.de\/wp-content\/uploads\/2022\/04\/100339_Lernturm_natur_1-1.jpg","datePublished":"2022-05-13T19:54:09+00:00","dateModified":"2026-08-24T09:27:26+00:00","description":"tiSsi\u00ae-inl\u00e4rningstornet \u201dFelix\u201d g\u00f6r det m\u00f6jligt f\u00f6r barn att p\u00e5 ett s\u00e4kert s\u00e4tt delta i familjens vardagsliv och fr\u00e4mjar inl\u00e4rning genom interaktion. Det \u00e4r inspirerat av Montessori-pedagogiken och erbjuder b\u00e5de trygghet och frihet f\u00f6r utforskande l\u00e4rande.","breadcrumb":{"@id":"https:\/\/tissi.de\/sv\/tissi-inlaerningstornet\/#breadcrumb"},"inLanguage":"sv-SE","potentialAction":[{"@type":"ReadAction","target":["https:\/\/tissi.de\/sv\/tissi-inlaerningstornet\/"]}]},{"@type":"ImageObject","inLanguage":"sv-SE","@id":"https:\/\/tissi.de\/sv\/tissi-inlaerningstornet\/#primaryimage","url":"https:\/\/tissi.de\/wp-content\/uploads\/2022\/04\/100339_Lernturm_natur_1-1.jpg","contentUrl":"https:\/\/tissi.de\/wp-content\/uploads\/2022\/04\/100339_Lernturm_natur_1-1.jpg","width":1080,"height":1336,"caption":"Wooden step stool with two steps and a simple, sturdy design."},{"@type":"BreadcrumbList","@id":"https:\/\/tissi.de\/sv\/tissi-inlaerningstornet\/#breadcrumb","itemListElement":[{"@type":"ListItem","position":1,"name":"Startseite","item":"https:\/\/tissi.de\/sv\/hem\/"},{"@type":"ListItem","position":2,"name":"tiSsi \u00ae-inl\u00e4rningstornet"}]},{"@type":"WebSite","@id":"https:\/\/tissi.de\/sv\/#website","url":"https:\/\/tissi.de\/sv\/","name":"tiSsi\u00ae","description":"Familie beginnt mit uns! Lernturm, Hochstuhl, Kinderm\u00f6bel, Laufgitter","publisher":{"@id":"https:\/\/tissi.de\/sv\/#organization"},"potentialAction":[{"@type":"SearchAction","target":{"@type":"EntryPoint","urlTemplate":"https:\/\/tissi.de\/sv\/?s={search_term_string}"},"query-input":{"@type":"PropertyValueSpecification","valueRequired":true,"valueName":"search_term_string"}}],"inLanguage":"sv-SE"},{"@type":"Organization","@id":"https:\/\/tissi.de\/sv\/#organization","name":"M.J. Oster GmbH","url":"https:\/\/tissi.de\/sv\/","logo":{"@type":"ImageObject","inLanguage":"sv-SE","@id":"https:\/\/tissi.de\/sv\/#\/schema\/logo\/image\/","url":"https:\/\/tissi.de\/wp-content\/uploads\/2022\/04\/tissi-logo.webp","contentUrl":"https:\/\/tissi.de\/wp-content\/uploads\/2022\/04\/tissi-logo.webp","width":300,"height":173,"caption":"M.J. Oster GmbH"},"image":{"@id":"https:\/\/tissi.de\/sv\/#\/schema\/logo\/image\/"},"sameAs":["https:\/\/de-de.facebook.com\/tiSsikids\/","https:\/\/www.instagram.com\/tissi_kids\/"]},{"@type":"Person","@id":"https:\/\/tissi.de\/sv\/#\/schema\/person\/feffc4b83794a4ccd019ed8588960f8d","name":"Redaktion TISSI","image":{"@type":"ImageObject","inLanguage":"sv-SE","@id":"https:\/\/secure.gravatar.com\/avatar\/c0c9282fd92a029eab2387c323adf137b95b7afdc0da332c8bee128bbb45853d?s=96&d=mm&r=g","url":"https:\/\/secure.gravatar.com\/avatar\/c0c9282fd92a029eab2387c323adf137b95b7afdc0da332c8bee128bbb45853d?s=96&d=mm&r=g","contentUrl":"https:\/\/secure.gravatar.com\/avatar\/c0c9282fd92a029eab2387c323adf137b95b7afdc0da332c8bee128bbb45853d?s=96&d=mm&r=g","caption":"Redaktion TISSI"},"url":"https:\/\/tissi.de\/sv\/author\/dawost-red\/"}]}},"jetpack_sharing_enabled":true,"jetpack_featured_media_url":"https:\/\/tissi.de\/wp-content\/uploads\/2022\/04\/100339_Lernturm_natur_1-1.jpg","_links":{"self":[{"href":"https:\/\/tissi.de\/sv\/wp-json\/wp\/v2\/posts\/60061","targetHints":{"allow":["GET"]}}],"collection":[{"href":"https:\/\/tissi.de\/sv\/wp-json\/wp\/v2\/posts"}],"about":[{"href":"https:\/\/tissi.de\/sv\/wp-json\/wp\/v2\/types\/post"}],"author":[{"embeddable":true,"href":"https:\/\/tissi.de\/sv\/wp-json\/wp\/v2\/users\/2"}],"replies":[{"embeddable":true,"href":"https:\/\/tissi.de\/sv\/wp-json\/wp\/v2\/comments?post=60061"}],"version-history":[{"count":3,"href":"https:\/\/tissi.de\/sv\/wp-json\/wp\/v2\/posts\/60061\/revisions"}],"predecessor-version":[{"id":60067,"href":"https:\/\/tissi.de\/sv\/wp-json\/wp\/v2\/posts\/60061\/revisions\/60067"}],"wp:featuredmedia":[{"embeddable":true,"href":"https:\/\/tissi.de\/sv\/wp-json\/wp\/v2\/media\/1780"}],"wp:attachment":[{"href":"https:\/\/tissi.de\/sv\/wp-json\/wp\/v2\/media?parent=60061"}],"wp:term":[{"taxonomy":"category","embeddable":true,"href":"https:\/\/tissi.de\/sv\/wp-json\/wp\/v2\/categories?post=60061"},{"taxonomy":"post_tag","embeddable":true,"href":"https:\/\/tissi.de\/sv\/wp-json\/wp\/v2\/tags?post=60061"}],"curies":[{"name":"wp","href":"https:\/\/api.w.org\/{rel}","templated":true}]}}