{"id":60107,"date":"2024-08-22T11:44:30","date_gmt":"2024-08-22T09:44:30","guid":{"rendered":"https:\/\/tissi.de\/saeker-soemn-foer-spaedbarn-varfoer-en-sovsaeck-foer-spaedbarn-aer-det-baesta-valet\/"},"modified":"2026-08-24T11:27:50","modified_gmt":"2026-08-24T09:27:50","slug":"saeker-soemn-foer-spaedbarn-varfoer-en-sovsaeck-foer-spaedbarn-aer-det-baesta-valet","status":"publish","type":"post","link":"https:\/\/tissi.de\/sv\/saeker-soemn-foer-spaedbarn-varfoer-en-sovsaeck-foer-spaedbarn-aer-det-baesta-valet\/","title":{"rendered":"S\u00e4ker s\u00f6mn f\u00f6r sp\u00e4dbarn: Varf\u00f6r en sovs\u00e4ck f\u00f6r sp\u00e4dbarn \u00e4r det b\u00e4sta valet"},"content":{"rendered":"<div class=\"wpb-content-wrapper\" id=\"wpb-content-root\"><p>[vc_row][vc_column][vc_column_text css=&#8221;&#8221;]<\/p>\n<h2>S\u00e4ker s\u00f6mn f\u00f6r sp\u00e4dbarn: Varf\u00f6r en sovs\u00e4ck f\u00f6r sp\u00e4dbarn \u00e4r det b\u00e4sta valet<\/h2>\n<h2><\/h2>\n<p>K\u00e4ra f\u00f6r\u00e4ldrar,<\/p>\n<p>V\u00e5ra sm\u00e5 \u00e4lsklingars s\u00e4kerhet har h\u00f6gsta prioritet, s\u00e4rskilt n\u00e4r det g\u00e4ller s\u00f6mnen. En fr\u00e5ga som m\u00e5nga nyblivna f\u00f6r\u00e4ldrar funderar \u00f6ver \u00e4r: t\u00e4cke eller sovs\u00e4ck? Svaret \u00e4r tydligt: en sovs\u00e4ck f\u00f6r sp\u00e4dbarn \u00e4r det s\u00e4kraste valet.  <\/p>\n<p><strong>Varf\u00f6r en sovs\u00e4ck f\u00f6r sp\u00e4dbarn?<\/strong><\/p>\n<p>En bebis kan l\u00e4tt sparka sig ur en filt, vilket g\u00f6r att den blir kall och vaknar. Detta leder ofta till att \u00e4ven ni v\u00e4cks. En sovs\u00e4ck f\u00f6r sp\u00e4dbarn \u00e4r en utm\u00e4rkt l\u00f6sning p\u00e5 detta problem. Den ser till att er lilla \u00e4ngel inte kan sparka sig fri, oavsett hur mycket hen r\u00f6r sig p\u00e5 natten. P\u00e5 s\u00e5 s\u00e4tt h\u00e5ller hen sig alltid varm och trygg.    <\/p>\n<p><strong>S\u00e4kerhet under s\u00f6mnen<\/strong><\/p>\n<p>\u00c4nnu mer oroande \u00e4r risken att ert barn drar t\u00e4cket \u00f6ver huvudet, vilket \u00f6kar risken f\u00f6r kv\u00e4vning. H\u00e4r erbjuder babysovs\u00e4cken avg\u00f6rande f\u00f6rdelar: den stannar p\u00e5 plats hela natten och skyddar ditt barn p\u00e5 ett tillf\u00f6rlitligt s\u00e4tt mot risken att t\u00e4cket t\u00e4cker ansiktet. <\/p>\n<p><strong>Sovst\u00e4llning och sovs\u00e4ck f\u00f6r sp\u00e4dbarn<\/strong><\/p>\n<p>Det rekommenderas att sp\u00e4dbarn alltid sover p\u00e5 rygg under de f\u00f6rsta m\u00e5naderna av livet. Ryggl\u00e4get anses vara den s\u00e4kraste sovst\u00e4llningen f\u00f6r sp\u00e4dbarn, eftersom det minskar risken f\u00f6r pl\u00f6tslig sp\u00e4dbarnsd\u00f6d (SIDS). Att v\u00e4nda sig p\u00e5 magen, vilket \u00e4r en riskfylld position, f\u00f6rsv\u00e5ras genom att barnet b\u00e4r en sovs\u00e4ck.  <\/p>\n<p><strong>R\u00e4tt passform<\/strong><\/p>\n<p>Redan fr\u00e5n f\u00f6dseln \u00e4r en sovs\u00e4ck f\u00f6r sp\u00e4dbarn den perfekta f\u00f6ljeslagaren. Det \u00e4r mycket viktigt att sovs\u00e4cken inte \u00e4r f\u00f6r stor, eftersom den bara d\u00e5 kan fylla sin skyddande funktion fullt ut. Den ideala sovs\u00e4cken b\u00f6r vara cirka 10 till 15 cm l\u00e4ngre \u00e4n barnets kropp, exklusive huvudl\u00e4ngden.  <\/p>\n<p>Se s\u00e4rskilt till att hals\u00f6ppningen har r\u00e4tt storlek s\u00e5 att ert barn ligger s\u00e4kert i sovs\u00e4cken. En f\u00f6r stor hals\u00f6ppning medf\u00f6r risken att barnet glider in i den, medan en f\u00f6r tr\u00e5ng hals\u00f6ppning kan utg\u00f6ra en strypningsrisk. En bra tumregel \u00e4r att hals\u00f6ppningen ska vara s\u00e5 stor att ett finger bekv\u00e4mt f\u00e5r plats mellan halsen och hals\u00f6ppningen.  <\/p>\n<p><strong>Material och s\u00e4kerhet<\/strong><\/p>\n<p>Se till att sovs\u00e4cken \u00e4r tillverkad av andningsbart material och inte inneh\u00e5ller n\u00e5gra farliga kemikalier n\u00e4r ni k\u00f6per den. N\u00e4r du k\u00f6per sovs\u00e4ckar till sp\u00e4dbarn \u00e4r det viktigt att leta efter \u00d6KO-TEST-m\u00e4rkningen. Produkter som \u00e4r certifierade enligt Oeko-Tex Standard 100 \u00e4r fria fr\u00e5n skadliga \u00e4mnen.  <\/p>\n<p><strong>Sovs\u00e4ck f\u00f6r sp\u00e4dbarn med f\u00f6tter?<\/strong><\/p>\n<p>K\u00e4nner sig ert barn obekv\u00e4mt i en vanlig babysovs\u00e4ck och vill inte sova i den? D\u00e5 \u00e4r <a href=\"https:\/\/www.schlummersack.de\/schlafsack-mit-fuessen\/\" target=\"_blank\" rel=\"noopener\"><u>sovs\u00e4ckar med f\u00f6tter fr\u00e5n Schlummersack<\/u><\/a> det perfekta alternativet: I en sovs\u00e4ck med f\u00f6tter kan ert barn inte bara sova tryggt och bekv\u00e4mt, utan ocks\u00e5 st\u00e5 upp, krypa, g\u00e5 och leka i spj\u00e4ls\u00e4ngen. Modeller med vikbara muddar och halkskydd ger extra s\u00e4kerhet n\u00e4r barnet leker. Sovs\u00e4ckar med f\u00f6tter finns dock endast f\u00f6r sp\u00e4dbarn fr\u00e5n cirka sex m\u00e5naders \u00e5lder.   <\/p>\n<p><strong>Nacktestet: En tillf\u00f6rlitlig metod<\/strong><\/p>\n<p>Det h\u00e4nder ofta att sp\u00e4dbarn kl\u00e4s antingen f\u00f6r varmt eller f\u00f6r tunt. Nacktestet \u00e4r en p\u00e5litlig metod f\u00f6r att kontrollera om temperaturen \u00e4r r\u00e4tt. L\u00e4gg helt enkelt fingrarna f\u00f6rsiktigt mot ditt barns nacke. Den ideala temperaturen ska k\u00e4nnas behagligt varm. Om nacken k\u00e4nns sval kan ditt barn vara f\u00f6r tunt kl\u00e4tt. Om ditt barn svettas i nacken tyder det p\u00e5 att det \u00e4r f\u00f6r varmt.     <\/p>\n<p><strong>Det r\u00e4tta TOG-v\u00e4rdet f\u00f6r en sovs\u00e4ck f\u00f6r sp\u00e4dbarn<\/strong><\/p>\n<p>Det \u00e4r avg\u00f6rande att v\u00e4lja r\u00e4tt TOG-v\u00e4rde (ett anv\u00e4ndbart m\u00e5tt p\u00e5 textilprodukters isoleringsf\u00f6rm\u00e5ga) f\u00f6r en sovs\u00e4ck till sp\u00e4dbarn: Under sommaren passar 0,5 TOG eller 1,0 TOG, medan 2,5 TOG eller 3,5 TOG \u00e4r idealiskt p\u00e5 vintern. Den rekommenderade rumstemperaturen f\u00f6r en h\u00e4lsosam s\u00f6mn hos sp\u00e4dbarn ligger mellan 16 och 20 \u00b0C. <\/p>\n<p>En babysovs\u00e4ck med 0,5 TOG \u00e4r perfekt f\u00f6r varma sommarn\u00e4tter. Den erbjuder den perfekta balansen mellan andningsf\u00f6rm\u00e5ga och isolering och f\u00f6rhindrar att barnet blir f\u00f6r varmt. Det l\u00e4tta och luftgenomsl\u00e4ppliga muslin-tyget hj\u00e4lper till att h\u00e5lla barnet svalt och bekv\u00e4mt hela natten och absorberar \u00e4ven fukt om barnet svettas.  <\/p>\n<p>En sovs\u00e4ck med 1,0 TOG \u00e4r perfekt f\u00f6r milda temperaturer eller under v\u00e5ren och h\u00f6sten. Denna sovs\u00e4ck med medeltjocklek ger bra isolering vid temperaturer mellan 18 och 24 \u00b0C. <\/p>\n<p>En sovs\u00e4ck med 2,5 TOG \u00e4r perfekt f\u00f6r anv\u00e4ndning \u00e5ret runt vid rumstemperaturer mellan 15 och 21 \u00b0C. Denna tjockare sovs\u00e4ck h\u00e5ller ditt barn behagligt varmt \u00e4ven under kallare n\u00e4tter, utan att det blir f\u00f6r varmt. Om det blir f\u00f6r varmt har hel\u00e5rssovs\u00e4cken avtagbara \u00e4rmar, vilket g\u00f6r att den enkelt kan anpassas efter varierande rumstemperaturer och d\u00e4rmed passar b\u00e5de f\u00f6r svalare och varmare n\u00e4tter.  <\/p>\n<p>F\u00f6r de riktigt kalla vinterm\u00e5naderna och rumstemperaturer under 18 \u00b0C rekommenderas en sovs\u00e4ck med 3,5 TOG. Denna s\u00e4rskilt varma och tjocka sovs\u00e4ck ser till att ditt barn h\u00e5ller sig mysigt varmt \u00e4ven vid frostiga temperaturer. <\/p>\n<p><strong>Tips f\u00f6r en god s\u00f6mn<\/strong><\/p>\n<p>Vi \u00f6nskar er och era sm\u00e5 skatter en h\u00e4lsosam och vilsam s\u00f6mn, s\u00e5 att ni alla kan njuta av lugna n\u00e4tter.<\/p>\n<p>Mer information om sovs\u00e4ckar hittar ni p\u00e5 <a href=\"http:\/\/www.schlummersack.de\">www.schlummersack.de<\/a><\/p>\n<p>&nbsp;<\/p>\n<p style=\"text-align: center;\">Mer information om sovs\u00e4ckar f\u00f6r sp\u00e4dbarn hittar ni hos <a href=\"http:\/\/www.schlummersack.de\" target=\"_blank\" rel=\"noopener\">schlummersack<\/a>!<\/p>\n<p>[\/vc_column_text][vc_single_image image=&#8221;60108&#8243; img_size=&#8221;post_img&#8221; add_caption=&#8221;yes&#8221; css=&#8221;&#8221;][\/vc_column][\/vc_row]<\/p>\n<\/div>","protected":false},"excerpt":{"rendered":"<p>[vc_row][vc_column][vc_column_text css=&#8221;&#8221;] S\u00e4ker s\u00f6mn f\u00f6r sp\u00e4dbarn: Varf\u00f6r en sovs\u00e4ck f\u00f6r sp\u00e4dbarn \u00e4r det b\u00e4sta valet K\u00e4ra f\u00f6r\u00e4ldrar, V\u00e5ra sm\u00e5 \u00e4lsklingars s\u00e4kerhet har h\u00f6gsta prioritet, s\u00e4rskilt n\u00e4r det g\u00e4ller s\u00f6mnen. En fr\u00e5ga som m\u00e5nga nyblivna f\u00f6r\u00e4ldrar funderar \u00f6ver \u00e4r: t\u00e4cke eller sovs\u00e4ck? Svaret \u00e4r tydligt: en sovs\u00e4ck f\u00f6r sp\u00e4dbarn \u00e4r det s\u00e4kraste valet. Varf\u00f6r en sovs\u00e4ck [&hellip;]<\/p>\n","protected":false},"author":735,"featured_media":6273,"comment_status":"closed","ping_status":"closed","sticky":false,"template":"","format":"standard","meta":{"_acf_changed":false,"inline_featured_image":false,"_jetpack_newsletter_access":"","_jetpack_dont_email_post_to_subs":false,"_jetpack_newsletter_tier_id":0,"_jetpack_memberships_contains_paywalled_content":false,"_jetpack_feature_clip_id":0,"_jetpack_memberships_contains_paid_content":false,"footnotes":"","jetpack_post_was_ever_published":false},"categories":[718],"tags":[],"class_list":["post-60107","post","type-post","status-publish","format-standard","has-post-thumbnail","hentry","category-okategoriserad"],"acf":[],"yoast_head":"<!-- This site is optimized with the Yoast SEO plugin v28.3 - https:\/\/yoast.com\/product\/yoast-seo-wordpress\/ -->\n<title>S\u00e4ker s\u00f6mn f\u00f6r sp\u00e4dbarn: Varf\u00f6r en sovs\u00e4ck f\u00f6r sp\u00e4dbarn \u00e4r det b\u00e4sta valet - tiSsi\u00ae<\/title>\n<meta name=\"robots\" content=\"index, follow, max-snippet:-1, max-image-preview:large, max-video-preview:-1\" \/>\n<link rel=\"canonical\" href=\"https:\/\/tissi.de\/sv\/saeker-soemn-foer-spaedbarn-varfoer-en-sovsaeck-foer-spaedbarn-aer-det-baesta-valet\/\" \/>\n<meta property=\"og:locale\" content=\"sv_SE\" \/>\n<meta property=\"og:type\" content=\"article\" \/>\n<meta property=\"og:title\" content=\"S\u00e4ker s\u00f6mn f\u00f6r sp\u00e4dbarn: Varf\u00f6r en sovs\u00e4ck f\u00f6r sp\u00e4dbarn \u00e4r det b\u00e4sta valet - tiSsi\u00ae\" \/>\n<meta property=\"og:description\" content=\"[vc_row][vc_column][vc_column_text css=&#8221;&#8221;] S\u00e4ker s\u00f6mn f\u00f6r sp\u00e4dbarn: Varf\u00f6r en sovs\u00e4ck f\u00f6r sp\u00e4dbarn \u00e4r det b\u00e4sta valet K\u00e4ra f\u00f6r\u00e4ldrar, V\u00e5ra sm\u00e5 \u00e4lsklingars s\u00e4kerhet har h\u00f6gsta prioritet, s\u00e4rskilt n\u00e4r det g\u00e4ller s\u00f6mnen. En fr\u00e5ga som m\u00e5nga nyblivna f\u00f6r\u00e4ldrar funderar \u00f6ver \u00e4r: t\u00e4cke eller sovs\u00e4ck? Svaret \u00e4r tydligt: en sovs\u00e4ck f\u00f6r sp\u00e4dbarn \u00e4r det s\u00e4kraste valet. Varf\u00f6r en sovs\u00e4ck [&hellip;]\" \/>\n<meta property=\"og:url\" content=\"https:\/\/tissi.de\/sv\/saeker-soemn-foer-spaedbarn-varfoer-en-sovsaeck-foer-spaedbarn-aer-det-baesta-valet\/\" \/>\n<meta property=\"og:site_name\" content=\"tiSsi\u00ae\" \/>\n<meta property=\"article:publisher\" content=\"https:\/\/de-de.facebook.com\/tiSsikids\/\" \/>\n<meta property=\"article:published_time\" content=\"2024-08-22T09:44:30+00:00\" \/>\n<meta property=\"article:modified_time\" content=\"2026-08-24T09:27:50+00:00\" \/>\n<meta property=\"og:image\" content=\"https:\/\/tissi.de\/wp-content\/uploads\/2024\/08\/babyschlafsack-schlummersack.jpg\" \/>\n\t<meta property=\"og:image:width\" content=\"1000\" \/>\n\t<meta property=\"og:image:height\" content=\"1000\" \/>\n\t<meta property=\"og:image:type\" content=\"image\/jpeg\" \/>\n<meta name=\"author\" content=\"Christine Frese\" \/>\n<meta name=\"twitter:card\" content=\"summary_large_image\" \/>\n<meta name=\"twitter:label1\" content=\"Skriven av\" \/>\n\t<meta name=\"twitter:data1\" content=\"Christine Frese\" \/>\n\t<meta name=\"twitter:label2\" content=\"Ber\u00e4knad l\u00e4stid\" \/>\n\t<meta name=\"twitter:data2\" content=\"5 minuter\" \/>\n<script type=\"application\/ld+json\" class=\"yoast-schema-graph\">{\"@context\":\"https:\\\/\\\/schema.org\",\"@graph\":[{\"@type\":\"Article\",\"@id\":\"https:\\\/\\\/tissi.de\\\/sv\\\/saeker-soemn-foer-spaedbarn-varfoer-en-sovsaeck-foer-spaedbarn-aer-det-baesta-valet\\\/#article\",\"isPartOf\":{\"@id\":\"https:\\\/\\\/tissi.de\\\/sv\\\/saeker-soemn-foer-spaedbarn-varfoer-en-sovsaeck-foer-spaedbarn-aer-det-baesta-valet\\\/\"},\"author\":{\"name\":\"Christine Frese\",\"@id\":\"https:\\\/\\\/tissi.de\\\/sv\\\/#\\\/schema\\\/person\\\/8dfb4bf2f9cfaaceb799b09255984b6f\"},\"headline\":\"S\u00e4ker s\u00f6mn f\u00f6r sp\u00e4dbarn: Varf\u00f6r en sovs\u00e4ck f\u00f6r sp\u00e4dbarn \u00e4r det b\u00e4sta valet\",\"datePublished\":\"2024-08-22T09:44:30+00:00\",\"dateModified\":\"2026-08-24T09:27:50+00:00\",\"mainEntityOfPage\":{\"@id\":\"https:\\\/\\\/tissi.de\\\/sv\\\/saeker-soemn-foer-spaedbarn-varfoer-en-sovsaeck-foer-spaedbarn-aer-det-baesta-valet\\\/\"},\"wordCount\":1060,\"publisher\":{\"@id\":\"https:\\\/\\\/tissi.de\\\/sv\\\/#organization\"},\"image\":{\"@id\":\"https:\\\/\\\/tissi.de\\\/sv\\\/saeker-soemn-foer-spaedbarn-varfoer-en-sovsaeck-foer-spaedbarn-aer-det-baesta-valet\\\/#primaryimage\"},\"thumbnailUrl\":\"https:\\\/\\\/tissi.de\\\/wp-content\\\/uploads\\\/2024\\\/08\\\/babyschlafsack-schlummersack.jpg\",\"articleSection\":[\"Okategoriserad\"],\"inLanguage\":\"sv-SE\"},{\"@type\":\"WebPage\",\"@id\":\"https:\\\/\\\/tissi.de\\\/sv\\\/saeker-soemn-foer-spaedbarn-varfoer-en-sovsaeck-foer-spaedbarn-aer-det-baesta-valet\\\/\",\"url\":\"https:\\\/\\\/tissi.de\\\/sv\\\/saeker-soemn-foer-spaedbarn-varfoer-en-sovsaeck-foer-spaedbarn-aer-det-baesta-valet\\\/\",\"name\":\"S\u00e4ker s\u00f6mn f\u00f6r sp\u00e4dbarn: Varf\u00f6r en sovs\u00e4ck f\u00f6r sp\u00e4dbarn \u00e4r det b\u00e4sta valet - tiSsi\u00ae\",\"isPartOf\":{\"@id\":\"https:\\\/\\\/tissi.de\\\/sv\\\/#website\"},\"primaryImageOfPage\":{\"@id\":\"https:\\\/\\\/tissi.de\\\/sv\\\/saeker-soemn-foer-spaedbarn-varfoer-en-sovsaeck-foer-spaedbarn-aer-det-baesta-valet\\\/#primaryimage\"},\"image\":{\"@id\":\"https:\\\/\\\/tissi.de\\\/sv\\\/saeker-soemn-foer-spaedbarn-varfoer-en-sovsaeck-foer-spaedbarn-aer-det-baesta-valet\\\/#primaryimage\"},\"thumbnailUrl\":\"https:\\\/\\\/tissi.de\\\/wp-content\\\/uploads\\\/2024\\\/08\\\/babyschlafsack-schlummersack.jpg\",\"datePublished\":\"2024-08-22T09:44:30+00:00\",\"dateModified\":\"2026-08-24T09:27:50+00:00\",\"breadcrumb\":{\"@id\":\"https:\\\/\\\/tissi.de\\\/sv\\\/saeker-soemn-foer-spaedbarn-varfoer-en-sovsaeck-foer-spaedbarn-aer-det-baesta-valet\\\/#breadcrumb\"},\"inLanguage\":\"sv-SE\",\"potentialAction\":[{\"@type\":\"ReadAction\",\"target\":[\"https:\\\/\\\/tissi.de\\\/sv\\\/saeker-soemn-foer-spaedbarn-varfoer-en-sovsaeck-foer-spaedbarn-aer-det-baesta-valet\\\/\"]}]},{\"@type\":\"ImageObject\",\"inLanguage\":\"sv-SE\",\"@id\":\"https:\\\/\\\/tissi.de\\\/sv\\\/saeker-soemn-foer-spaedbarn-varfoer-en-sovsaeck-foer-spaedbarn-aer-det-baesta-valet\\\/#primaryimage\",\"url\":\"https:\\\/\\\/tissi.de\\\/wp-content\\\/uploads\\\/2024\\\/08\\\/babyschlafsack-schlummersack.jpg\",\"contentUrl\":\"https:\\\/\\\/tissi.de\\\/wp-content\\\/uploads\\\/2024\\\/08\\\/babyschlafsack-schlummersack.jpg\",\"width\":1000,\"height\":1000,\"caption\":\"Two babies in colorful, patterned sleeping bags on a white background.\"},{\"@type\":\"BreadcrumbList\",\"@id\":\"https:\\\/\\\/tissi.de\\\/sv\\\/saeker-soemn-foer-spaedbarn-varfoer-en-sovsaeck-foer-spaedbarn-aer-det-baesta-valet\\\/#breadcrumb\",\"itemListElement\":[{\"@type\":\"ListItem\",\"position\":1,\"name\":\"Startseite\",\"item\":\"https:\\\/\\\/tissi.de\\\/sv\\\/hem\\\/\"},{\"@type\":\"ListItem\",\"position\":2,\"name\":\"S\u00e4ker s\u00f6mn f\u00f6r sp\u00e4dbarn: Varf\u00f6r en sovs\u00e4ck f\u00f6r sp\u00e4dbarn \u00e4r det b\u00e4sta valet\"}]},{\"@type\":\"WebSite\",\"@id\":\"https:\\\/\\\/tissi.de\\\/sv\\\/#website\",\"url\":\"https:\\\/\\\/tissi.de\\\/sv\\\/\",\"name\":\"tiSsi\u00ae\",\"description\":\"Familie beginnt mit uns! Lernturm, Hochstuhl, Kinderm\u00f6bel, Laufgitter\",\"publisher\":{\"@id\":\"https:\\\/\\\/tissi.de\\\/sv\\\/#organization\"},\"potentialAction\":[{\"@type\":\"SearchAction\",\"target\":{\"@type\":\"EntryPoint\",\"urlTemplate\":\"https:\\\/\\\/tissi.de\\\/sv\\\/?s={search_term_string}\"},\"query-input\":{\"@type\":\"PropertyValueSpecification\",\"valueRequired\":true,\"valueName\":\"search_term_string\"}}],\"inLanguage\":\"sv-SE\"},{\"@type\":\"Organization\",\"@id\":\"https:\\\/\\\/tissi.de\\\/sv\\\/#organization\",\"name\":\"M.J. Oster GmbH\",\"url\":\"https:\\\/\\\/tissi.de\\\/sv\\\/\",\"logo\":{\"@type\":\"ImageObject\",\"inLanguage\":\"sv-SE\",\"@id\":\"https:\\\/\\\/tissi.de\\\/sv\\\/#\\\/schema\\\/logo\\\/image\\\/\",\"url\":\"https:\\\/\\\/tissi.de\\\/wp-content\\\/uploads\\\/2022\\\/04\\\/tissi-logo.webp\",\"contentUrl\":\"https:\\\/\\\/tissi.de\\\/wp-content\\\/uploads\\\/2022\\\/04\\\/tissi-logo.webp\",\"width\":300,\"height\":173,\"caption\":\"M.J. Oster GmbH\"},\"image\":{\"@id\":\"https:\\\/\\\/tissi.de\\\/sv\\\/#\\\/schema\\\/logo\\\/image\\\/\"},\"sameAs\":[\"https:\\\/\\\/de-de.facebook.com\\\/tiSsikids\\\/\",\"https:\\\/\\\/www.instagram.com\\\/tissi_kids\\\/\"]},{\"@type\":\"Person\",\"@id\":\"https:\\\/\\\/tissi.de\\\/sv\\\/#\\\/schema\\\/person\\\/8dfb4bf2f9cfaaceb799b09255984b6f\",\"name\":\"Christine Frese\",\"image\":{\"@type\":\"ImageObject\",\"inLanguage\":\"sv-SE\",\"@id\":\"https:\\\/\\\/secure.gravatar.com\\\/avatar\\\/4415f0c714fe08d81b6ada548686c4371d8d4d055fb041046d6858a1c6c9adda?s=96&d=mm&r=g\",\"url\":\"https:\\\/\\\/secure.gravatar.com\\\/avatar\\\/4415f0c714fe08d81b6ada548686c4371d8d4d055fb041046d6858a1c6c9adda?s=96&d=mm&r=g\",\"contentUrl\":\"https:\\\/\\\/secure.gravatar.com\\\/avatar\\\/4415f0c714fe08d81b6ada548686c4371d8d4d055fb041046d6858a1c6c9adda?s=96&d=mm&r=g\",\"caption\":\"Christine Frese\"},\"url\":\"https:\\\/\\\/tissi.de\\\/sv\\\/author\\\/cfrese\\\/\"}]}<\/script>\n<!-- \/ Yoast SEO plugin. -->","yoast_head_json":{"title":"S\u00e4ker s\u00f6mn f\u00f6r sp\u00e4dbarn: Varf\u00f6r en sovs\u00e4ck f\u00f6r sp\u00e4dbarn \u00e4r det b\u00e4sta valet - tiSsi\u00ae","robots":{"index":"index","follow":"follow","max-snippet":"max-snippet:-1","max-image-preview":"max-image-preview:large","max-video-preview":"max-video-preview:-1"},"canonical":"https:\/\/tissi.de\/sv\/saeker-soemn-foer-spaedbarn-varfoer-en-sovsaeck-foer-spaedbarn-aer-det-baesta-valet\/","og_locale":"sv_SE","og_type":"article","og_title":"S\u00e4ker s\u00f6mn f\u00f6r sp\u00e4dbarn: Varf\u00f6r en sovs\u00e4ck f\u00f6r sp\u00e4dbarn \u00e4r det b\u00e4sta valet - tiSsi\u00ae","og_description":"[vc_row][vc_column][vc_column_text css=&#8221;&#8221;] S\u00e4ker s\u00f6mn f\u00f6r sp\u00e4dbarn: Varf\u00f6r en sovs\u00e4ck f\u00f6r sp\u00e4dbarn \u00e4r det b\u00e4sta valet K\u00e4ra f\u00f6r\u00e4ldrar, V\u00e5ra sm\u00e5 \u00e4lsklingars s\u00e4kerhet har h\u00f6gsta prioritet, s\u00e4rskilt n\u00e4r det g\u00e4ller s\u00f6mnen. En fr\u00e5ga som m\u00e5nga nyblivna f\u00f6r\u00e4ldrar funderar \u00f6ver \u00e4r: t\u00e4cke eller sovs\u00e4ck? Svaret \u00e4r tydligt: en sovs\u00e4ck f\u00f6r sp\u00e4dbarn \u00e4r det s\u00e4kraste valet. Varf\u00f6r en sovs\u00e4ck [&hellip;]","og_url":"https:\/\/tissi.de\/sv\/saeker-soemn-foer-spaedbarn-varfoer-en-sovsaeck-foer-spaedbarn-aer-det-baesta-valet\/","og_site_name":"tiSsi\u00ae","article_publisher":"https:\/\/de-de.facebook.com\/tiSsikids\/","article_published_time":"2024-08-22T09:44:30+00:00","article_modified_time":"2026-08-24T09:27:50+00:00","og_image":[{"width":1000,"height":1000,"url":"https:\/\/tissi.de\/wp-content\/uploads\/2024\/08\/babyschlafsack-schlummersack.jpg","type":"image\/jpeg"}],"author":"Christine Frese","twitter_card":"summary_large_image","twitter_misc":{"Skriven av":"Christine Frese","Ber\u00e4knad l\u00e4stid":"5 minuter"},"schema":{"@context":"https:\/\/schema.org","@graph":[{"@type":"Article","@id":"https:\/\/tissi.de\/sv\/saeker-soemn-foer-spaedbarn-varfoer-en-sovsaeck-foer-spaedbarn-aer-det-baesta-valet\/#article","isPartOf":{"@id":"https:\/\/tissi.de\/sv\/saeker-soemn-foer-spaedbarn-varfoer-en-sovsaeck-foer-spaedbarn-aer-det-baesta-valet\/"},"author":{"name":"Christine Frese","@id":"https:\/\/tissi.de\/sv\/#\/schema\/person\/8dfb4bf2f9cfaaceb799b09255984b6f"},"headline":"S\u00e4ker s\u00f6mn f\u00f6r sp\u00e4dbarn: Varf\u00f6r en sovs\u00e4ck f\u00f6r sp\u00e4dbarn \u00e4r det b\u00e4sta valet","datePublished":"2024-08-22T09:44:30+00:00","dateModified":"2026-08-24T09:27:50+00:00","mainEntityOfPage":{"@id":"https:\/\/tissi.de\/sv\/saeker-soemn-foer-spaedbarn-varfoer-en-sovsaeck-foer-spaedbarn-aer-det-baesta-valet\/"},"wordCount":1060,"publisher":{"@id":"https:\/\/tissi.de\/sv\/#organization"},"image":{"@id":"https:\/\/tissi.de\/sv\/saeker-soemn-foer-spaedbarn-varfoer-en-sovsaeck-foer-spaedbarn-aer-det-baesta-valet\/#primaryimage"},"thumbnailUrl":"https:\/\/tissi.de\/wp-content\/uploads\/2024\/08\/babyschlafsack-schlummersack.jpg","articleSection":["Okategoriserad"],"inLanguage":"sv-SE"},{"@type":"WebPage","@id":"https:\/\/tissi.de\/sv\/saeker-soemn-foer-spaedbarn-varfoer-en-sovsaeck-foer-spaedbarn-aer-det-baesta-valet\/","url":"https:\/\/tissi.de\/sv\/saeker-soemn-foer-spaedbarn-varfoer-en-sovsaeck-foer-spaedbarn-aer-det-baesta-valet\/","name":"S\u00e4ker s\u00f6mn f\u00f6r sp\u00e4dbarn: Varf\u00f6r en sovs\u00e4ck f\u00f6r sp\u00e4dbarn \u00e4r det b\u00e4sta valet - tiSsi\u00ae","isPartOf":{"@id":"https:\/\/tissi.de\/sv\/#website"},"primaryImageOfPage":{"@id":"https:\/\/tissi.de\/sv\/saeker-soemn-foer-spaedbarn-varfoer-en-sovsaeck-foer-spaedbarn-aer-det-baesta-valet\/#primaryimage"},"image":{"@id":"https:\/\/tissi.de\/sv\/saeker-soemn-foer-spaedbarn-varfoer-en-sovsaeck-foer-spaedbarn-aer-det-baesta-valet\/#primaryimage"},"thumbnailUrl":"https:\/\/tissi.de\/wp-content\/uploads\/2024\/08\/babyschlafsack-schlummersack.jpg","datePublished":"2024-08-22T09:44:30+00:00","dateModified":"2026-08-24T09:27:50+00:00","breadcrumb":{"@id":"https:\/\/tissi.de\/sv\/saeker-soemn-foer-spaedbarn-varfoer-en-sovsaeck-foer-spaedbarn-aer-det-baesta-valet\/#breadcrumb"},"inLanguage":"sv-SE","potentialAction":[{"@type":"ReadAction","target":["https:\/\/tissi.de\/sv\/saeker-soemn-foer-spaedbarn-varfoer-en-sovsaeck-foer-spaedbarn-aer-det-baesta-valet\/"]}]},{"@type":"ImageObject","inLanguage":"sv-SE","@id":"https:\/\/tissi.de\/sv\/saeker-soemn-foer-spaedbarn-varfoer-en-sovsaeck-foer-spaedbarn-aer-det-baesta-valet\/#primaryimage","url":"https:\/\/tissi.de\/wp-content\/uploads\/2024\/08\/babyschlafsack-schlummersack.jpg","contentUrl":"https:\/\/tissi.de\/wp-content\/uploads\/2024\/08\/babyschlafsack-schlummersack.jpg","width":1000,"height":1000,"caption":"Two babies in colorful, patterned sleeping bags on a white background."},{"@type":"BreadcrumbList","@id":"https:\/\/tissi.de\/sv\/saeker-soemn-foer-spaedbarn-varfoer-en-sovsaeck-foer-spaedbarn-aer-det-baesta-valet\/#breadcrumb","itemListElement":[{"@type":"ListItem","position":1,"name":"Startseite","item":"https:\/\/tissi.de\/sv\/hem\/"},{"@type":"ListItem","position":2,"name":"S\u00e4ker s\u00f6mn f\u00f6r sp\u00e4dbarn: Varf\u00f6r en sovs\u00e4ck f\u00f6r sp\u00e4dbarn \u00e4r det b\u00e4sta valet"}]},{"@type":"WebSite","@id":"https:\/\/tissi.de\/sv\/#website","url":"https:\/\/tissi.de\/sv\/","name":"tiSsi\u00ae","description":"Familie beginnt mit uns! Lernturm, Hochstuhl, Kinderm\u00f6bel, Laufgitter","publisher":{"@id":"https:\/\/tissi.de\/sv\/#organization"},"potentialAction":[{"@type":"SearchAction","target":{"@type":"EntryPoint","urlTemplate":"https:\/\/tissi.de\/sv\/?s={search_term_string}"},"query-input":{"@type":"PropertyValueSpecification","valueRequired":true,"valueName":"search_term_string"}}],"inLanguage":"sv-SE"},{"@type":"Organization","@id":"https:\/\/tissi.de\/sv\/#organization","name":"M.J. Oster GmbH","url":"https:\/\/tissi.de\/sv\/","logo":{"@type":"ImageObject","inLanguage":"sv-SE","@id":"https:\/\/tissi.de\/sv\/#\/schema\/logo\/image\/","url":"https:\/\/tissi.de\/wp-content\/uploads\/2022\/04\/tissi-logo.webp","contentUrl":"https:\/\/tissi.de\/wp-content\/uploads\/2022\/04\/tissi-logo.webp","width":300,"height":173,"caption":"M.J. Oster GmbH"},"image":{"@id":"https:\/\/tissi.de\/sv\/#\/schema\/logo\/image\/"},"sameAs":["https:\/\/de-de.facebook.com\/tiSsikids\/","https:\/\/www.instagram.com\/tissi_kids\/"]},{"@type":"Person","@id":"https:\/\/tissi.de\/sv\/#\/schema\/person\/8dfb4bf2f9cfaaceb799b09255984b6f","name":"Christine Frese","image":{"@type":"ImageObject","inLanguage":"sv-SE","@id":"https:\/\/secure.gravatar.com\/avatar\/4415f0c714fe08d81b6ada548686c4371d8d4d055fb041046d6858a1c6c9adda?s=96&d=mm&r=g","url":"https:\/\/secure.gravatar.com\/avatar\/4415f0c714fe08d81b6ada548686c4371d8d4d055fb041046d6858a1c6c9adda?s=96&d=mm&r=g","contentUrl":"https:\/\/secure.gravatar.com\/avatar\/4415f0c714fe08d81b6ada548686c4371d8d4d055fb041046d6858a1c6c9adda?s=96&d=mm&r=g","caption":"Christine Frese"},"url":"https:\/\/tissi.de\/sv\/author\/cfrese\/"}]}},"jetpack_sharing_enabled":true,"jetpack_featured_media_url":"https:\/\/tissi.de\/wp-content\/uploads\/2024\/08\/babyschlafsack-schlummersack.jpg","_links":{"self":[{"href":"https:\/\/tissi.de\/sv\/wp-json\/wp\/v2\/posts\/60107","targetHints":{"allow":["GET"]}}],"collection":[{"href":"https:\/\/tissi.de\/sv\/wp-json\/wp\/v2\/posts"}],"about":[{"href":"https:\/\/tissi.de\/sv\/wp-json\/wp\/v2\/types\/post"}],"author":[{"embeddable":true,"href":"https:\/\/tissi.de\/sv\/wp-json\/wp\/v2\/users\/735"}],"replies":[{"embeddable":true,"href":"https:\/\/tissi.de\/sv\/wp-json\/wp\/v2\/comments?post=60107"}],"version-history":[{"count":7,"href":"https:\/\/tissi.de\/sv\/wp-json\/wp\/v2\/posts\/60107\/revisions"}],"predecessor-version":[{"id":60138,"href":"https:\/\/tissi.de\/sv\/wp-json\/wp\/v2\/posts\/60107\/revisions\/60138"}],"wp:featuredmedia":[{"embeddable":true,"href":"https:\/\/tissi.de\/sv\/wp-json\/wp\/v2\/media\/6273"}],"wp:attachment":[{"href":"https:\/\/tissi.de\/sv\/wp-json\/wp\/v2\/media?parent=60107"}],"wp:term":[{"taxonomy":"category","embeddable":true,"href":"https:\/\/tissi.de\/sv\/wp-json\/wp\/v2\/categories?post=60107"},{"taxonomy":"post_tag","embeddable":true,"href":"https:\/\/tissi.de\/sv\/wp-json\/wp\/v2\/tags?post=60107"}],"curies":[{"name":"wp","href":"https:\/\/api.w.org\/{rel}","templated":true}]}}